{"id":184125,"date":"2020-08-18T07:42:51","date_gmt":"2020-08-18T10:42:51","guid":{"rendered":"https:\/\/www.caririemacao.com\/1\/?p=184125"},"modified":"2020-08-18T07:42:51","modified_gmt":"2020-08-18T10:42:51","slug":"monteiro-contabiliza-17-novos-casos-e-09-pacientes-recuperados-de-covid-diz-secretaria-de-saude","status":"publish","type":"post","link":"https:\/\/www.caririemacao.com\/1\/2020\/08\/18\/monteiro-contabiliza-17-novos-casos-e-09-pacientes-recuperados-de-covid-diz-secretaria-de-saude\/","title":{"rendered":"Monteiro contabiliza 17 novos casos e 09 pacientes recuperados de Covid, diz Secretaria de Sa\u00fade"},"content":{"rendered":"\n<h1 class=\"wp-block-heading\"><\/h1>\n\n\n\n<hr class=\"wp-block-separator\"\/>\n\n\n\n<p>A Secretaria Municipal de Sa\u00fade de Monteiro informa que nesta segunda-feira, 17, tivemos mais 17 novos casos CONFIRMADOS para Covid-19.<br>Sendo 08 (oito) casos de duas pacientes de 19 anos, 22, 29, 30, 32, 39 e 68 anos, do sexo feminino, e 09 (nove) casos de 21, 29, 33, 37, 38, 41, dois pacientes de 46 anos e mais 01 (um) de 55 anos, sexo masculino.&nbsp; Todos est\u00e3o sendo monitorados pela equipe de Vigil\u00e2ncia em Sa\u00fade do Munic\u00edpio, em isolamento domiciliar. E apenas 01 paciente encontra-se internado no Hospital Regional Santa Filomena, na \u00e1rea para COVID 19, com quadro est\u00e1vel.<\/p>\n\n\n\n<p>Foi transferido 01 (um) paciente de 41 anos, sexo masculino, sem comorbidades, em estado regular, para o Hospital das Cl\u00ednicas em Campina Grande, transportado pela equipe do Hospital Regional Santa Filomena.<\/p>\n\n\n\n<p>Foi registrado 02 (duas) altas de pacientes que estavam internados nos Hospitais de Trauma e Hospital Pedro I em Campina Grande.<\/p>\n\n\n\n<p>Totalizamos nesta data 01 (um) paciente internado no Hospital de Trauma e 01 (um) paciente no Hospital das Cl\u00ednicas, em Campina Grande, em estado de sa\u00fade est\u00e1veis.<\/p>\n\n\n\n<p>Atestamos que nesta data foram registrados mais 09 (nove) casos RECUPERADOS, totalizando, 303 casos recuperados da COVID 19.<\/p>\n\n\n\n<p><img decoding=\"async\" alt=\"&#x26a0;\" data-src=\"https:\/\/s.w.org\/images\/core\/emoji\/12.0.0-1\/svg\/26a0.svg\" src=\"data:image\/svg+xml;base64,PHN2ZyB3aWR0aD0iMSIgaGVpZ2h0PSIxIiB4bWxucz0iaHR0cDovL3d3dy53My5vcmcvMjAwMC9zdmciPjwvc3ZnPg==\" class=\"lazyload\">Refor\u00e7amos a import\u00e2ncia de toda popula\u00e7\u00e3o seguir as orienta\u00e7\u00f5es do distanciamento social, o uso de m\u00e1scaras, a higieniza\u00e7\u00e3o das m\u00e3os com \u00e1lcool 70% e demais medidas apresentadas pela Secretaria de Sa\u00fade.<\/p>\n","protected":false},"excerpt":{"rendered":"<p>A Secretaria Municipal de Sa\u00fade de Monteiro informa que nesta segunda-feira, 17, tivemos mais 17 novos casos CONFIRMADOS para Covid-19.Sendo 08 (oito) casos de duas&hellip; <\/p>\n","protected":false},"author":2,"featured_media":184126,"comment_status":"closed","ping_status":"closed","sticky":false,"template":"","format":"standard","meta":{"sfsi_plus_gutenberg_text_before_share":"","sfsi_plus_gutenberg_show_text_before_share":"","sfsi_plus_gutenberg_icon_type":"","sfsi_plus_gutenberg_icon_alignemt":"","sfsi_plus_gutenburg_max_per_row":"","footnotes":""},"categories":[50,2],"tags":[],"class_list":["post-184125","post","type-post","status-publish","format-standard","has-post-thumbnail","hentry","category-destaque","category-geral"],"_links":{"self":[{"href":"https:\/\/www.caririemacao.com\/1\/wp-json\/wp\/v2\/posts\/184125","targetHints":{"allow":["GET"]}}],"collection":[{"href":"https:\/\/www.caririemacao.com\/1\/wp-json\/wp\/v2\/posts"}],"about":[{"href":"https:\/\/www.caririemacao.com\/1\/wp-json\/wp\/v2\/types\/post"}],"author":[{"embeddable":true,"href":"https:\/\/www.caririemacao.com\/1\/wp-json\/wp\/v2\/users\/2"}],"replies":[{"embeddable":true,"href":"https:\/\/www.caririemacao.com\/1\/wp-json\/wp\/v2\/comments?post=184125"}],"version-history":[{"count":1,"href":"https:\/\/www.caririemacao.com\/1\/wp-json\/wp\/v2\/posts\/184125\/revisions"}],"predecessor-version":[{"id":184127,"href":"https:\/\/www.caririemacao.com\/1\/wp-json\/wp\/v2\/posts\/184125\/revisions\/184127"}],"wp:featuredmedia":[{"embeddable":true,"href":"https:\/\/www.caririemacao.com\/1\/wp-json\/wp\/v2\/media\/184126"}],"wp:attachment":[{"href":"https:\/\/www.caririemacao.com\/1\/wp-json\/wp\/v2\/media?parent=184125"}],"wp:term":[{"taxonomy":"category","embeddable":true,"href":"https:\/\/www.caririemacao.com\/1\/wp-json\/wp\/v2\/categories?post=184125"},{"taxonomy":"post_tag","embeddable":true,"href":"https:\/\/www.caririemacao.com\/1\/wp-json\/wp\/v2\/tags?post=184125"}],"curies":[{"name":"wp","href":"https:\/\/api.w.org\/{rel}","templated":true}]}}