{"id":184129,"date":"2020-08-18T07:46:18","date_gmt":"2020-08-18T10:46:18","guid":{"rendered":"https:\/\/www.caririemacao.com\/1\/?p=184129"},"modified":"2020-08-18T07:46:18","modified_gmt":"2020-08-18T10:46:18","slug":"pf-conclui-que-nao-ha-provas-em-delacao-de-palocci-sobre-lula","status":"publish","type":"post","link":"https:\/\/www.caririemacao.com\/1\/2020\/08\/18\/pf-conclui-que-nao-ha-provas-em-delacao-de-palocci-sobre-lula\/","title":{"rendered":"PF conclui que n\u00e3o h\u00e1 provas em dela\u00e7\u00e3o de Palocci sobre Lula"},"content":{"rendered":"\n<h1 class=\"wp-block-heading\"><\/h1>\n\n\n\n<hr class=\"wp-block-separator\"\/>\n\n\n\n<p><a href=\"https:\/\/www.facebook.com\/sharer.php?u=https%3A%2F%2Fwww.vitrinedocariri.com.br%2F2020%2F08%2Fpf-conclui-que-nao-ha-provas-em-delacao-de-palocci-sobre-lula%2F\" target=\"_blank\" rel=\"noreferrer noopener\"><\/a><a href=\"https:\/\/twitter.com\/share?url=https%3A%2F%2Fwww.vitrinedocariri.com.br%2F2020%2F08%2Fpf-conclui-que-nao-ha-provas-em-delacao-de-palocci-sobre-lula%2F&amp;text=Acabei%20de%20ver%20PF%20conclui%20que%20n%C3%A3o%20h%C3%A1%20provas%20em%20dela%C3%A7%C3%A3o%20de%20Palocci%20sobre%20Lula%20-%20Clique%20para%20ver%20tamb%C3%A9m%20%E2%98%9B%20\" target=\"_blank\" rel=\"noreferrer noopener\"><\/a><a href=\"\/\/send?text=PF%20conclui%20que%20n%C3%A3o%20h%C3%A1%20provas%20em%20dela%C3%A7%C3%A3o%20de%20Palocci%20sobre%20Lula%20%E2%98%9B%20https%3A%2F%2Fwww.vitrinedocariri.com.br%2F2020%2F08%2Fpf-conclui-que-nao-ha-provas-em-delacao-de-palocci-sobre-lula%2F\" target=\"_blank\" rel=\"noreferrer noopener\"><\/a><a href=\"javascript:void(0);\"><\/a><\/p>\n\n\n\n<div class=\"wp-block-image\"><figure class=\"alignright\"><img decoding=\"async\" data-src=\"https:\/\/i1.wp.com\/www.vitrinedocariri.com.br\/wp-content\/uploads\/2018\/04\/palocci-jose-cruz-agencia-brasil-16nov2005.jpg?resize=300%2C197&amp;ssl=1\" alt=\"\" class=\"wp-image-11640 lazyload\" src=\"data:image\/svg+xml;base64,PHN2ZyB3aWR0aD0iMSIgaGVpZ2h0PSIxIiB4bWxucz0iaHR0cDovL3d3dy53My5vcmcvMjAwMC9zdmciPjwvc3ZnPg==\" \/><\/figure><\/div>\n\n\n\n<p>A Pol\u00edcia Federal (PF) de S\u00e3o Paulo concluiu n\u00e3o haver provas em trecho da dela\u00e7\u00e3o premiada do ex-ministro Ant\u00f4nio Palocci em que ele citou o ex-presidente da Rep\u00fablica Luiz In\u00e1cio Lula da Silva (PT) e o Banco BTG Pactual S\/A.<\/p>\n\n\n\n<p>No documento, o delegado federal Marcelo Feres Daher afirmou que os fatos delatados por Palocci foram desmentidos por todas as testemunhas, declarantes e por outros colaboradores da Justi\u00e7a.<\/p>\n\n\n\n<p>O relat\u00f3rio final da PF foi divulgado pela revista eletr\u00f4nica Consultor Jur\u00eddico no domingo (16), e a RPC tamb\u00e9m teve acesso ao documento, assinado em 11 de agosto.<\/p>\n\n\n\n<p>Segundo o delegado, os colaboradores que desmentiram o ex-ministro \u201caparentemente n\u00e3o teriam preju\u00edzo algum em confirmarem a narrativa de Palocci caso entendessem ser verdadeira\u201d.<\/p>\n\n\n\n<p>\u201cAdemais, observa-se que as afirma\u00e7\u00f5es feitas por Palocci parecem todas terem sido encontradas em pesquisas na internet, porquanto baseadas em dados p\u00fablicos, sem acr\u00e9scimo de elementos de corrobora\u00e7\u00e3o, a n\u00e3o ser not\u00edcias de jornais\u201d, diz um trecho do relat\u00f3rio.<\/p>\n\n\n\n<p>A dela\u00e7\u00e3o de Palocci foi fechada em 2018 e tem 34 anexos.<\/p>\n\n\n\n<p>No anexo desacreditado pela PF, Palocci relatou que o banqueiro Andr\u00e9 Esteves movimentou no BTG, em nome de terceiros, valores recebidos por Lula em crimes de corrup\u00e7\u00e3o e caixa 2.<\/p>\n\n\n\n<p>Em troca, teria recebido informa\u00e7\u00f5es privilegiadas do governo sobre a mudan\u00e7a da taxa Selic, que permitiu que ele tivesse lucro e que usasse parte desses recursos para fazer doa\u00e7\u00f5es para a campanha do PT em 2014. Esse anexo levou \u00e0 abertura de um inqu\u00e9rito em S\u00e3o Paulo.<\/p>\n\n\n\n<p>O delegado ainda explicou que not\u00edcias jornal\u00edsticas foram suficientes para iniciar o inqu\u00e9rito policial, mas \u201cparecem que n\u00e3o foram corroboradas pelas provas produzidas\u201d. Portanto, n\u00e3o ser\u00e1 dada continuidade ao procedimento penal, conforme concluiu o delegado da PF.<\/p>\n\n\n\n<p>O Minist\u00e9rio P\u00fablico Federal (MPF) j\u00e1 recebeu o relat\u00f3rio final da PF e vai analisar. Agora, h\u00e1 tr\u00eas caminhos a seguir:<\/p>\n\n\n\n<p>Pedir o arquivamento<br>Novas dilig\u00eancias<br>Oferecer den\u00fancia \u00e0 Justi\u00e7a<\/p>\n\n\n\n<p>O que dizem os citados?<br>Por meio de nota, a defesa do ex-ministro afirmou que, na investiga\u00e7\u00e3o, existe uma prova pericial que comprova a veracidade da colabora\u00e7\u00e3o de Palocci.<\/p>\n\n\n\n<p>A defesa dele tamb\u00e9m disse que existem outros fundos indicados por Palocci que confirmam a vers\u00e3o do ex-ministro e que ainda n\u00e3o foram investigados pela PF.<\/p>\n\n\n\n<p>A defesa do ex-presidente Lula disse que a conclus\u00e3o da PF de que Palocci mentiu na dela\u00e7\u00e3o para tentar incriminar Lula \u00e9 mais uma prova de que a Lava Jato atuou com clara motiva\u00e7\u00e3o pol\u00edtica e usou vers\u00f5es mentirosas de delatores para essa finalidade.<\/p>\n\n\n\n<p>O BGT Pactual e o banqueiro Andr\u00e9 Esteves n\u00e3o quiseram comentar.<\/p>\n\n\n\n<p>Palocci condenado<br>Na Lava Jato, Palocci foi condenado a 18 anos de pris\u00e3o. Com o acordo de dela\u00e7\u00e3o, a pena foi reduzida para nove amos de cadeia.<\/p>\n\n\n\n<p>O ex-ministro ficou preso por mais de dois anos, em Curitiba. Desde novembro de 2018, est\u00e1 em pris\u00e3o domiciliar.<\/p>\n\n\n\n<p>A\u00e7\u00e3o envolvendo a Odebrecht<br>No come\u00e7o de agosto, a 2\u00aa turma do Supremo Tribunal Federal (STF) atendeu a um pedido da defesa do ex-presidente retirou a dela\u00e7\u00e3o do ex-ministro Palocci de uma a\u00e7\u00e3o contra Lula na Lava Jato.<\/p>\n\n\n\n<p>Na pr\u00e1tica, o que Palocci disse n\u00e3o poder\u00e1 ser usado contra Lula no caso em que o ex-presidente \u00e9 acusado de receber vantagens indevidas da Odebrecht.<\/p>\n","protected":false},"excerpt":{"rendered":"<p>A Pol\u00edcia Federal (PF) de S\u00e3o Paulo concluiu n\u00e3o haver provas em trecho da dela\u00e7\u00e3o premiada do ex-ministro Ant\u00f4nio Palocci em que ele citou o&hellip; <\/p>\n","protected":false},"author":2,"featured_media":184130,"comment_status":"closed","ping_status":"closed","sticky":false,"template":"","format":"standard","meta":{"sfsi_plus_gutenberg_text_before_share":"","sfsi_plus_gutenberg_show_text_before_share":"","sfsi_plus_gutenberg_icon_type":"","sfsi_plus_gutenberg_icon_alignemt":"","sfsi_plus_gutenburg_max_per_row":"","footnotes":""},"categories":[2],"tags":[],"class_list":["post-184129","post","type-post","status-publish","format-standard","has-post-thumbnail","hentry","category-geral"],"_links":{"self":[{"href":"https:\/\/www.caririemacao.com\/1\/wp-json\/wp\/v2\/posts\/184129","targetHints":{"allow":["GET"]}}],"collection":[{"href":"https:\/\/www.caririemacao.com\/1\/wp-json\/wp\/v2\/posts"}],"about":[{"href":"https:\/\/www.caririemacao.com\/1\/wp-json\/wp\/v2\/types\/post"}],"author":[{"embeddable":true,"href":"https:\/\/www.caririemacao.com\/1\/wp-json\/wp\/v2\/users\/2"}],"replies":[{"embeddable":true,"href":"https:\/\/www.caririemacao.com\/1\/wp-json\/wp\/v2\/comments?post=184129"}],"version-history":[{"count":1,"href":"https:\/\/www.caririemacao.com\/1\/wp-json\/wp\/v2\/posts\/184129\/revisions"}],"predecessor-version":[{"id":184131,"href":"https:\/\/www.caririemacao.com\/1\/wp-json\/wp\/v2\/posts\/184129\/revisions\/184131"}],"wp:featuredmedia":[{"embeddable":true,"href":"https:\/\/www.caririemacao.com\/1\/wp-json\/wp\/v2\/media\/184130"}],"wp:attachment":[{"href":"https:\/\/www.caririemacao.com\/1\/wp-json\/wp\/v2\/media?parent=184129"}],"wp:term":[{"taxonomy":"category","embeddable":true,"href":"https:\/\/www.caririemacao.com\/1\/wp-json\/wp\/v2\/categories?post=184129"},{"taxonomy":"post_tag","embeddable":true,"href":"https:\/\/www.caririemacao.com\/1\/wp-json\/wp\/v2\/tags?post=184129"}],"curies":[{"name":"wp","href":"https:\/\/api.w.org\/{rel}","templated":true}]}}