{"id":184141,"date":"2020-08-18T08:17:43","date_gmt":"2020-08-18T11:17:43","guid":{"rendered":"https:\/\/www.caririemacao.com\/1\/?p=184141"},"modified":"2020-08-18T08:17:43","modified_gmt":"2020-08-18T11:17:43","slug":"morre-ex-vereador-paraibano-vitima-de-covid-19","status":"publish","type":"post","link":"https:\/\/www.caririemacao.com\/1\/2020\/08\/18\/morre-ex-vereador-paraibano-vitima-de-covid-19\/","title":{"rendered":"Morre ex-vereador paraibano v\u00edtima de covid-19"},"content":{"rendered":"\n<h1 class=\"wp-block-heading\"><\/h1>\n\n\n\n<p>Morreu na madrugada desta segunda-feira (17), o ex-vereador Djalma Gomes de S\u00e1 Neto, conhecido como Netinho de Adaltina, v\u00edtima de Covid-19. O ex-vereador tinha 41 anos e exerceu dois mandatos na C\u00e2mara de Aparecida, na Para\u00edba.<\/p>\n\n\n\n<p>De acordo com informa\u00e7\u00f5es, Netinho apresentou sintomas da doen\u00e7a e iniciou o tratamento em casa, por\u00e9m na noite deste domingo (16), ele deu entrada no Hospital Regional de Sousa, j\u00e1 com dificuldades de respirar. Ainda no atendimento, o ex-vereador piorou, chegou a ser intubado, por\u00e9m sofreu uma parada card\u00edaca e veio a \u00f3bito.<\/p>\n\n\n\n<p>O enterro de Netinho de Adaltina ocorreu ainda durante a madrugada desta segunda-feira (17). O cortejo percorreu algumas ruas da cidade, fazendo parada em frente a casa da sua m\u00e3e a ex-vereadora da C\u00e2mara de Sousa, Adaltina Pereira de Queiroga e tamb\u00e9m em frente \u00e0 C\u00e2mara de Vereadores, onde foi realizada uma r\u00e1pida homenagem.<\/p>\n\n\n\n<p>Djalma Neto foi vereador na C\u00e2mara Municipal de Aparecida no per\u00edodo de 2001 a 2008.<\/p>\n\n\n\n<p>O caso \u00e9 a segunda morte confirmada pela doen\u00e7a no munic\u00edpio de Aparecida.<\/p>\n\n\n\n<p>ClickPB<\/p>\n","protected":false},"excerpt":{"rendered":"<p>Morreu na madrugada desta segunda-feira (17), o ex-vereador Djalma Gomes de S\u00e1 Neto, conhecido como Netinho de Adaltina, v\u00edtima de Covid-19. O ex-vereador tinha 41&hellip; <\/p>\n","protected":false},"author":2,"featured_media":184142,"comment_status":"closed","ping_status":"closed","sticky":false,"template":"","format":"standard","meta":{"sfsi_plus_gutenberg_text_before_share":"","sfsi_plus_gutenberg_show_text_before_share":"","sfsi_plus_gutenberg_icon_type":"","sfsi_plus_gutenberg_icon_alignemt":"","sfsi_plus_gutenburg_max_per_row":"","footnotes":""},"categories":[50,2],"tags":[],"class_list":["post-184141","post","type-post","status-publish","format-standard","has-post-thumbnail","hentry","category-destaque","category-geral"],"_links":{"self":[{"href":"https:\/\/www.caririemacao.com\/1\/wp-json\/wp\/v2\/posts\/184141","targetHints":{"allow":["GET"]}}],"collection":[{"href":"https:\/\/www.caririemacao.com\/1\/wp-json\/wp\/v2\/posts"}],"about":[{"href":"https:\/\/www.caririemacao.com\/1\/wp-json\/wp\/v2\/types\/post"}],"author":[{"embeddable":true,"href":"https:\/\/www.caririemacao.com\/1\/wp-json\/wp\/v2\/users\/2"}],"replies":[{"embeddable":true,"href":"https:\/\/www.caririemacao.com\/1\/wp-json\/wp\/v2\/comments?post=184141"}],"version-history":[{"count":1,"href":"https:\/\/www.caririemacao.com\/1\/wp-json\/wp\/v2\/posts\/184141\/revisions"}],"predecessor-version":[{"id":184143,"href":"https:\/\/www.caririemacao.com\/1\/wp-json\/wp\/v2\/posts\/184141\/revisions\/184143"}],"wp:featuredmedia":[{"embeddable":true,"href":"https:\/\/www.caririemacao.com\/1\/wp-json\/wp\/v2\/media\/184142"}],"wp:attachment":[{"href":"https:\/\/www.caririemacao.com\/1\/wp-json\/wp\/v2\/media?parent=184141"}],"wp:term":[{"taxonomy":"category","embeddable":true,"href":"https:\/\/www.caririemacao.com\/1\/wp-json\/wp\/v2\/categories?post=184141"},{"taxonomy":"post_tag","embeddable":true,"href":"https:\/\/www.caririemacao.com\/1\/wp-json\/wp\/v2\/tags?post=184141"}],"curies":[{"name":"wp","href":"https:\/\/api.w.org\/{rel}","templated":true}]}}