{"id":184149,"date":"2020-08-18T08:24:47","date_gmt":"2020-08-18T11:24:47","guid":{"rendered":"https:\/\/www.caririemacao.com\/1\/?p=184149"},"modified":"2020-08-18T08:24:47","modified_gmt":"2020-08-18T11:24:47","slug":"paraiba-confirma-190-casos-de-covid-19-em-24h-total-de-mortos-chega-a-2-183%e2%80%8b-e-96-223%e2%80%8b-infectados","status":"publish","type":"post","link":"https:\/\/www.caririemacao.com\/1\/2020\/08\/18\/paraiba-confirma-190-casos-de-covid-19-em-24h-total-de-mortos-chega-a-2-183%e2%80%8b-e-96-223%e2%80%8b-infectados\/","title":{"rendered":"Para\u00edba confirma 190 casos de Covid-19 em 24h; total de mortos chega a 2.183\u200b e 96.223\u200b infectados"},"content":{"rendered":"\n<h1 class=\"wp-block-heading\"><\/h1>\n\n\n\n<p>Para\u00edba registrou 190 novos casos de Covid-19 e 21 \u00f3bitos confirmados desde a \u00faltima atualiza\u00e7\u00e3o, 07 deles ocorridos nas \u00faltimas 24h.&nbsp;De acordo com o boletim epidemiol\u00f3gico da Secretaria de Estado da Sa\u00fade divulgado nesta segunda-feira (17), 96.223 pessoas j\u00e1 contra\u00edram a doen\u00e7a, 53.363 j\u00e1 se recuperaram e 2.183, infelizmente, faleceram.&nbsp;<\/p>\n\n\n\n<p>At\u00e9 o momento, 281.166 testes para diagn\u00f3stico da Covid-19 j\u00e1 foram realizados.&nbsp;<\/p>\n\n\n\n<p>Confira os dados abaixo:<\/p>\n\n\n\n<ul class=\"wp-block-list\"><li>Casos Confirmados: 96.223<\/li><li>Casos Descartados: 115.018<\/li><li>\u00d3bitos confirmados: 2.183<\/li><li>Casos recuperados: 53.363<\/li><li>Total de munic\u00edpios: 223<\/li><\/ul>\n\n\n\n<p>A ocupa\u00e7\u00e3o total de leitos de UTI (adulto, pedi\u00e1trico e obst\u00e9trico) em todo o estado \u00e9 de 40%. Fazendo um recorte apenas dos leitos de UTI para adultos na Regi\u00e3o Metropolitana de Jo\u00e3o Pessoa, a taxa de ocupa\u00e7\u00e3o chega a 41%. Em Campina Grande, est\u00e3o ocupados 36% dos leitos de UTI adulto e no sert\u00e3o, 55% dos leitos de UTI para adultos.&nbsp;&nbsp;<\/p>\n\n\n\n<p>O \u00edndice de Isolamento Social foi de apenas 44,4%, considerado baixo em rela\u00e7\u00e3o \u00e0 meta de 70% e \u00e0 m\u00ednima de 50%.&nbsp;<\/p>\n\n\n\n<p>Os casos confirmados est\u00e3o distribu\u00eddos por todos os 223 munic\u00edpios paraibanos:<br>\u00c1gua Branca (52); Aguiar (24); Alagoa Grande (872); Alagoa Nova (274); Alagoinha (882); Alcantil (57); Algod\u00e3o de Janda\u00edra (14); Alhandra (611); Amparo (17); Aparecida (72); Ara\u00e7agi (484); Arara (198); Araruna (228); Areia (390); Areia de Bara\u00fanas (10); Areial (48); Aroeiras (203); Assun\u00e7\u00e3o (45); Baia da Trai\u00e7\u00e3o (565); Bananeiras (242); Bara\u00fana (131); Barra de Santa Rosa (69); Barra de Santana (103); Barra de S\u00e3o Miguel (48); Bayeux (1680); Bel\u00e9m (947); Bel\u00e9m do Brejo do Cruz (35); Bernardino Batista (7); Boa Ventura (5); Boa Vista (87); Bom Jesus (8); Bom Sucesso (20); Bonito de Santa F\u00e9 (24); Boqueir\u00e3o (355); Borborema (40); Brejo do Cruz (363); Brejo dos Santos (26); Caapor\u00e3 (921); Cabaceiras (61); Cabedelo (2622); Cachoeira dos \u00cdndios (99); Cacimba de Areia (9); Cacimba de Dentro (260); Cacimbas (46); Cai\u00e7ara (419); Cajazeiras (1476); Cajazeirinhas (31); Caldas Brand\u00e3o (227); Camala\u00fa (3); Campina Grande (11776); Capim (149); Cara\u00fabas (40); Carrapateira (50); Casserengue (293); Catingueira (17), Catol\u00e9 do Rocha (340); Caturit\u00e9 (100); Concei\u00e7\u00e3o (535); Condado (123); Conde (722); Congo (76); Coremas (130); Coxixola (33); Cruz do Esp\u00edrito Santo (279); Cubati (75); Cuit\u00e9 (165); Cuit\u00e9 de Mamanguape (108); Cuiteg\u00ed (390); Curral de Cima (26); Curral Velho (2), Dami\u00e3o (30); Desterro (54); Diamante (207); Dona In\u00eas (88); Duas Estradas (82); Emas (50); Esperan\u00e7a (454); Fagundes (106); Frei Martinho (8); Gado Bravo (94); Guarabira (3762); Gurinh\u00e9m (425); Gurj\u00e3o (25); Ibiara (64); Igaracy (11); Imaculada (52); Ing\u00e1 (1116); Itabaiana (1046); Itaporanga (273); Itapororoca (756); Itatuba (328); Jacara\u00fa (294); Jeric\u00f3 (28); Jo\u00e3o Pessoa (24597); Joca Claudino (12); Juarez T\u00e1vora (300); Juazeirinho (181); Junco do Serid\u00f3 (56); Juripiranga (462); Juru (124); Lagoa (6); Lagoa de Dentro (128); Lagoa Seca (663); Lastro (19); Livramento (97); Logradouro (138); Lucena (392); M\u00e3e d&#8217;\u00c1gua (18); Malta (105); Mamanguape (2183); Mana\u00edra (11); Marca\u00e7\u00e3o (327); Mari (1105); Mariz\u00f3polis (29); Massaranduba (313); Mataraca (167); Matinhas (71); Mato Grosso (17); Matureia (40); Mogeiro (163); Montadas (44); Monte Horebe (27); Monteiro (404); Mulungu (353); Natuba (62); Nazarezinho (37); Nova Floresta (64), Nova Olinda (15); Nova Palmeira (69); Olho D\u00b4\u00c1gua (40); Olivedos (83); Ouro Velho (1);&nbsp; Parari (5); Passagem (30); Patos (3306); Paulista (213); Pedra Branca (1); Pedra Lavrada (33); Pedras de Fogo (1269); Pedro R\u00e9gis (48); Pianc\u00f3 (164); Picu\u00ed (205); Pilar (325); Pil\u00f5es (107); Pil\u00f5ezinhos (243); Pirpirituba (306); Pitimbu (611); Pocinhos (152);&nbsp; Po\u00e7o Dantas (13); Po\u00e7o de Jos\u00e9 Moura (27); Pombal (475); Prata (7); Princesa Isabel (80); Puxinan\u00e3 (266);&nbsp; Queimadas (1092); Quixaba (29); Rem\u00edgio (235); Riach\u00e3o (71); Riach\u00e3o do Bacamarte (227);&nbsp; Riach\u00e3o do Po\u00e7o (91); Riacho de Santo Ant\u00f4nio (30); Riacho dos Cavalos (13); Rio Tinto (1035); Salgadinho (29); Salgado de S\u00e3o Felix (246); Santa Cec\u00edlia (70); Santa Cruz (56); Santa Helena (19); Santa In\u00eas (63);&nbsp; Santa Luzia (241); Santa Rita (2743); Santa Terezinha (54); Santana de Mangueira (6); Santana dos Garrotes (18); Santo Andr\u00e9 (13); S\u00e3o Bentinho (52); S\u00e3o Bento (1705); S\u00e3o Domingos (2); S\u00e3o Domingos do Cariri (48);&nbsp; S\u00e3o Francisco (33);&nbsp; S\u00e3o Jo\u00e3o do Cariri (96); S\u00e3o Jo\u00e3o do Rio do Peixe (252); S\u00e3o Jo\u00e3o do Tigre (12); S\u00e3o Jos\u00e9 da Lagoa Tapada (56); S\u00e3o Jos\u00e9 de Caiana (47); S\u00e3o Jos\u00e9 de Espinharas (52); S\u00e3o Jos\u00e9 de Piranhas (174); S\u00e3o Jos\u00e9 de Princesa (1); S\u00e3o Jos\u00e9 do Bonfim (58); S\u00e3o Jos\u00e9 do Brejo do Cruz (13); S\u00e3o Jos\u00e9 do Sabugi (223); S\u00e3o Jos\u00e9 dos Cordeiros (41); S\u00e3o Jos\u00e9 dos Ramos (245); S\u00e3o Mamede (40); S\u00e3o Miguel de Taipu (137); S\u00e3o Sebasti\u00e3o de Lagoa de Ro\u00e7a (231); S\u00e3o Sebasti\u00e3o do Umbuzeiro (15); S\u00e3o Vicente do Serid\u00f3 (49); Sap\u00e9 (1010); Serra Branca (157); Serra da Ra\u00edz (24); Serra Grande (10); Serra Redonda (255); Serraria (169); Sert\u00e3ozinho (217); Sobrado (178); Sol\u00e2nea (512); Soledade (153); Sossego (15), Sousa (1497); Sum\u00e9 (244); Tacima (123); Tapero\u00e1 (78); Tavares (128); Teixeira (160); Ten\u00f3rio (24); Triunfo (61); Uira\u00fana (111); Umbuzeiro (76); V\u00e1rzea (15); Vieir\u00f3polis (6); Vista Serrana (10), Zabel\u00ea (26).<\/p>\n\n\n\n<p>*Dados oficiais preliminares (fonte: SIM, e-sus VE e SIVEP) extra\u00eddos \u00e0s 10h do dia 17\/08, sujeitos a altera\u00e7\u00e3o por parte dos munic\u00edpios.<\/p>\n\n\n\n<p>Os 21 \u00f3bitos registrados nesta segunda ocorreram entre 29 de maio e 17 de agosto, 09 deles nas \u00faltimas 48 horas. Os pacientes tinham idade entre 41 e 93 anos, sendo 05 deles com menos de 65 anos. Hipertens\u00e3o \u00e9 a comorbidade mais frequente e 2 deles n\u00e3o possu\u00edam nenhuma comorbidade. Sobre o local de ocorr\u00eancia, 02 deles aconteceram em hospitais privados e os demais em hospitais p\u00fablicos.<\/p>\n\n\n\n<p>Mulher, 93 anos, residente em Boqueir\u00e3o. In\u00edcio dos sintomas em 30\/07\/2020. Hipertensa e diab\u00e9tica. Foi a \u00f3bito em hospital p\u00fablico no dia 17\/08\/2020.<\/p>\n\n\n\n<p>Mulher, 73 anos, residente em Jo\u00e3o Pessoa. In\u00edcio dos sintomas em 21\/07\/2020. Portadora de doen\u00e7a neurol\u00f3gica. Foi a \u00f3bito em hospital p\u00fablico no dia 17\/08\/2020.<\/p>\n\n\n\n<p>Homem, 88 anos, residente em Uira\u00fana. In\u00edcio dos sintomas em 13\/08\/2020. Hipertenso e diab\u00e9tico. Foi a \u00f3bito em hospital p\u00fablico no dia 16\/08\/2020.<\/p>\n\n\n\n<p>Homem, 73 anos, residente em Condado. In\u00edcio dos sintomas em 08\/08\/2020. Sem comorbidades. Foi a \u00f3bito em hospital p\u00fablico no dia 16\/08\/2020.<\/p>\n\n\n\n<p>Homem, 68 anos, residente em Jo\u00e3o Pessoa. Portador de doen\u00e7a hep\u00e1tica. In\u00edcio dos sintomas em 27\/07\/2020, foi a \u00f3bito em hospital p\u00fablico no dia 16\/08\/2020.<\/p>\n\n\n\n<p>Homem, 53 anos, residente em Jo\u00e3o Pessoa. In\u00edcio dos sintomas em 28\/07\/2020. Hipertenso, diab\u00e9tico e ex-tabagista. Foi a \u00f3bito em hospital p\u00fablico no dia 16\/08\/2020.<\/p>\n\n\n\n<p>Homem, 41 anos, residente em Aparecida. Hipertenso e diab\u00e9tico. In\u00edcio dos sintomas em 08\/08\/2020 e foi a \u00f3bito em hospital p\u00fablico no dia 16\/08\/2020.<\/p>\n\n\n\n<p>Homem, 69 anos, residente em Mulungu. In\u00edcio dos sintomas em 24\/07\/2020. Hipertenso. Foi a \u00f3bito em hospital p\u00fablico no dia 15\/08\/2020.<\/p>\n","protected":false},"excerpt":{"rendered":"<p>Para\u00edba registrou 190 novos casos de Covid-19 e 21 \u00f3bitos confirmados desde a \u00faltima atualiza\u00e7\u00e3o, 07 deles ocorridos nas \u00faltimas 24h.&nbsp;De acordo com o boletim&hellip; <\/p>\n","protected":false},"author":2,"featured_media":184150,"comment_status":"closed","ping_status":"closed","sticky":false,"template":"","format":"standard","meta":{"sfsi_plus_gutenberg_text_before_share":"","sfsi_plus_gutenberg_show_text_before_share":"","sfsi_plus_gutenberg_icon_type":"","sfsi_plus_gutenberg_icon_alignemt":"","sfsi_plus_gutenburg_max_per_row":"","footnotes":""},"categories":[2],"tags":[],"class_list":["post-184149","post","type-post","status-publish","format-standard","has-post-thumbnail","hentry","category-geral"],"_links":{"self":[{"href":"https:\/\/www.caririemacao.com\/1\/wp-json\/wp\/v2\/posts\/184149","targetHints":{"allow":["GET"]}}],"collection":[{"href":"https:\/\/www.caririemacao.com\/1\/wp-json\/wp\/v2\/posts"}],"about":[{"href":"https:\/\/www.caririemacao.com\/1\/wp-json\/wp\/v2\/types\/post"}],"author":[{"embeddable":true,"href":"https:\/\/www.caririemacao.com\/1\/wp-json\/wp\/v2\/users\/2"}],"replies":[{"embeddable":true,"href":"https:\/\/www.caririemacao.com\/1\/wp-json\/wp\/v2\/comments?post=184149"}],"version-history":[{"count":1,"href":"https:\/\/www.caririemacao.com\/1\/wp-json\/wp\/v2\/posts\/184149\/revisions"}],"predecessor-version":[{"id":184151,"href":"https:\/\/www.caririemacao.com\/1\/wp-json\/wp\/v2\/posts\/184149\/revisions\/184151"}],"wp:featuredmedia":[{"embeddable":true,"href":"https:\/\/www.caririemacao.com\/1\/wp-json\/wp\/v2\/media\/184150"}],"wp:attachment":[{"href":"https:\/\/www.caririemacao.com\/1\/wp-json\/wp\/v2\/media?parent=184149"}],"wp:term":[{"taxonomy":"category","embeddable":true,"href":"https:\/\/www.caririemacao.com\/1\/wp-json\/wp\/v2\/categories?post=184149"},{"taxonomy":"post_tag","embeddable":true,"href":"https:\/\/www.caririemacao.com\/1\/wp-json\/wp\/v2\/tags?post=184149"}],"curies":[{"name":"wp","href":"https:\/\/api.w.org\/{rel}","templated":true}]}}