{"id":184209,"date":"2020-08-18T14:24:02","date_gmt":"2020-08-18T17:24:02","guid":{"rendered":"https:\/\/www.caririemacao.com\/1\/?p=184209"},"modified":"2020-08-18T14:24:02","modified_gmt":"2020-08-18T17:24:02","slug":"paulo-guedes-e-dificil-ficar-a-vontade-em-cargo-de-ministro-da-economia","status":"publish","type":"post","link":"https:\/\/www.caririemacao.com\/1\/2020\/08\/18\/paulo-guedes-e-dificil-ficar-a-vontade-em-cargo-de-ministro-da-economia\/","title":{"rendered":"Paulo Guedes: \u00e9 dif\u00edcil ficar \u2018\u00e0 vontade\u2019 em cargo de ministro da Economia"},"content":{"rendered":"\n<h1 class=\"wp-block-heading\"><\/h1>\n\n\n\n<p>Ap\u00f3s reuni\u00f5es nas quais discutiu medidas para liberar recursos do Or\u00e7amento, Guedes afirmou que \u00e9 dif\u00edcil que algu\u00e9m fique \u201c\u00e0 vontade\u201d no cargo de ministro da Economia.<\/p>\n\n\n\n<p>\u201cExiste muita confian\u00e7a do presidente em mim e muita confian\u00e7a minha no presidente\u201d, disse, ao ser perguntado sobre sua situa\u00e7\u00e3o no posto. \u201c\u00c0 vontade nesse cargo, eu acho dif\u00edcil voc\u00ea encontrar algu\u00e9m que vai estar sempre \u00e0 vontade, \u00e9 um cargo dif\u00edcil\u201d.<\/p>\n\n\n\n<p>Guedes ressaltou que, em momentos cr\u00edticos de sua gest\u00e3o, recebeu apoio de Bolsonaro. Ele citou como exemplo o epis\u00f3dio no qual convenceu o presidente a vetar a autoriza\u00e7\u00e3o para reajustes salariais de servidores p\u00fablicos.<\/p>\n\n\n\n<p>Sem mencionar nomes, afirmou ser natural que haja press\u00e3o de ministros para uma amplia\u00e7\u00e3o de gastos e investimentos p\u00fablicos. O titular da pasta do Desenvolvimento Regional, Rog\u00e9rio Marinho, \u00e9 um dos defensores de libera\u00e7\u00e3o de recursos para obras.<\/p>\n\n\n\n<p>\u201c\u00c9 uma conversa natural. Qualquer governo tem seus desejos de fazer seus investimentos. S\u00f3 que existe uma Lei de Responsabilidade Fiscal. A decis\u00e3o de onde sai os recursos tem que respeitar a Lei de Responsabilidade Fiscal. Esse foi meu alerta\u201d, afirmou.<\/p>\n\n\n\n<p>O ministro disse que \u00e9 poss\u00edvel liberar recursos para investimentos p\u00fablicos. Para isso, segundo ele, \u00e9 necess\u00e1rio retirar amarras do Or\u00e7amento, respeitando o teto de gastos.<\/p>\n\n\n\n<p>\u201cExiste uma forma de abrir espa\u00e7o para investimento? Existe, \u00e9 o pacto federativo. Se voc\u00ea trava as despesas, desindexa, desvincula, desobriga, voc\u00ea abre espa\u00e7o para investimento, ou seja, o dinheiro vai sair de algum lugar\u201d, disse.<\/p>\n\n\n\n<p>Para viabilizar a estrat\u00e9gia, o ministro articula fundir PECs (Propostas de Emenda \u00e0 Constitui\u00e7\u00e3o) enviadas pelo governo no ano passado e que tramitam no Congresso. Os textos criam gatilhos de ajuste fiscal para evitar o descontrole nos gastos p\u00fablicos, e ampliam repasses da Uni\u00e3o a estados e munic\u00edpios.<\/p>\n\n\n\n<p>A solu\u00e7\u00e3o or\u00e7ament\u00e1ria foi tratada em reuni\u00e3o no Pal\u00e1cio do Planalto com Bolsonaro, Guedes e o ministro Braga Netto (Casa Civil) nesta segunda.<\/p>\n\n\n\n<p>Apesar da rea\u00e7\u00e3o negativa do mercado diante dos sinais de fragilidade da agenda liberal, o presidente determinou ao chefe da equipe econ\u00f4mica que fosse encontrada uma solu\u00e7\u00e3o para o custeio da agenda social que ele pretende implementar para garantir sua reelei\u00e7\u00e3o.<\/p>\n\n\n\n<p>Bolsonaro quer encontrar uma forma de prorrogar o aux\u00edlio emergencial, mesmo que com um valor menor, e repagin\u00e1-lo em um novo programa social a partir do ano que vem.<\/p>\n\n\n\n<p>Na ideia de Guedes, o Bolsa Fam\u00edlia ampliado, batizado de Renda Brasil, ser\u00e1 tratado tamb\u00e9m dentro dessa proposta no Congresso. O modelo estudado pela equipe econ\u00f4mica ainda prev\u00ea a revis\u00e3o ou extin\u00e7\u00e3o de outros programas sociais, como o abono salarial, para custear a medida.<\/p>\n\n\n\n<p>Bolsonaro tamb\u00e9m tem pressionado Guedes a encontrar espa\u00e7o no Or\u00e7amento para a realiza\u00e7\u00e3o de obras p\u00fablicas, principalmente no Nordeste, interessado nos impactos que isso pode gerar em sua popularidade.<\/p>\n\n\n\n<p>A ideia \u00e9 tentar aprovar no Congresso mecanismos que deem maior autonomia para o governo utilizar receitas que hoje n\u00e3o podem ser livremente alocadas.<\/p>\n\n\n\n<p>Segundo o senador Marcio Bittar (MDB-AC), relator da PEC, a proposta \u00e9 permitir a realiza\u00e7\u00e3o de obras e outras despesas sem abandonar o compromisso liberal assumido na elei\u00e7\u00e3o de 2018.<\/p>\n\n\n\n<p>\u201cEstamos discutindo o que se incorpora na PEC do Pacto Federativo para que seja poss\u00edvel n\u00e3o paralisar o pa\u00eds ou n\u00e3o paralisar completamente obras importantes; e, ao mesmo tempo, n\u00e3o abandonar a agenda pela qual o presidente se elegeu em 2018, de compromisso com a austeridade fiscal e reforma do Estado brasileiro\u201d, afirmou.<\/p>\n","protected":false},"excerpt":{"rendered":"<p>Ap\u00f3s reuni\u00f5es nas quais discutiu medidas para liberar recursos do Or\u00e7amento, Guedes afirmou que \u00e9 dif\u00edcil que algu\u00e9m fique \u201c\u00e0 vontade\u201d no cargo de ministro&hellip; <\/p>\n","protected":false},"author":2,"featured_media":182580,"comment_status":"closed","ping_status":"closed","sticky":false,"template":"","format":"standard","meta":{"sfsi_plus_gutenberg_text_before_share":"","sfsi_plus_gutenberg_show_text_before_share":"","sfsi_plus_gutenberg_icon_type":"","sfsi_plus_gutenberg_icon_alignemt":"","sfsi_plus_gutenburg_max_per_row":"","footnotes":""},"categories":[2],"tags":[],"class_list":["post-184209","post","type-post","status-publish","format-standard","has-post-thumbnail","hentry","category-geral"],"_links":{"self":[{"href":"https:\/\/www.caririemacao.com\/1\/wp-json\/wp\/v2\/posts\/184209","targetHints":{"allow":["GET"]}}],"collection":[{"href":"https:\/\/www.caririemacao.com\/1\/wp-json\/wp\/v2\/posts"}],"about":[{"href":"https:\/\/www.caririemacao.com\/1\/wp-json\/wp\/v2\/types\/post"}],"author":[{"embeddable":true,"href":"https:\/\/www.caririemacao.com\/1\/wp-json\/wp\/v2\/users\/2"}],"replies":[{"embeddable":true,"href":"https:\/\/www.caririemacao.com\/1\/wp-json\/wp\/v2\/comments?post=184209"}],"version-history":[{"count":1,"href":"https:\/\/www.caririemacao.com\/1\/wp-json\/wp\/v2\/posts\/184209\/revisions"}],"predecessor-version":[{"id":184211,"href":"https:\/\/www.caririemacao.com\/1\/wp-json\/wp\/v2\/posts\/184209\/revisions\/184211"}],"wp:featuredmedia":[{"embeddable":true,"href":"https:\/\/www.caririemacao.com\/1\/wp-json\/wp\/v2\/media\/182580"}],"wp:attachment":[{"href":"https:\/\/www.caririemacao.com\/1\/wp-json\/wp\/v2\/media?parent=184209"}],"wp:term":[{"taxonomy":"category","embeddable":true,"href":"https:\/\/www.caririemacao.com\/1\/wp-json\/wp\/v2\/categories?post=184209"},{"taxonomy":"post_tag","embeddable":true,"href":"https:\/\/www.caririemacao.com\/1\/wp-json\/wp\/v2\/tags?post=184209"}],"curies":[{"name":"wp","href":"https:\/\/api.w.org\/{rel}","templated":true}]}}