{"id":184213,"date":"2020-08-18T14:26:49","date_gmt":"2020-08-18T17:26:49","guid":{"rendered":"https:\/\/www.caririemacao.com\/1\/?p=184213"},"modified":"2020-08-18T14:26:49","modified_gmt":"2020-08-18T17:26:49","slug":"bolsonaro-no-nordeste-nao-estou-preocupado-com-2022","status":"publish","type":"post","link":"https:\/\/www.caririemacao.com\/1\/2020\/08\/18\/bolsonaro-no-nordeste-nao-estou-preocupado-com-2022\/","title":{"rendered":"Bolsonaro no Nordeste: \u201cN\u00e3o estou preocupado com 2022\u201d"},"content":{"rendered":"\n<h1 class=\"wp-block-heading\"><\/h1>\n\n\n\n<p>\u201cN\u00e3o estou preocupado com 2022, 2022 \u00e9 outra hist\u00f3ria. Quero fazer um governo bom nesses quatro anos\u201d, disse o presidente, que ainda deu mostras de que pode ter uma participa\u00e7\u00e3o mais ativa na elei\u00e7\u00e3o municipal deste ano. \u201cN\u00e3o pretendo [participar], o que n\u00e3o quer dizer que eu n\u00e3o v\u00e1.\u201d<\/p>\n\n\n\n<p>Bolsonaro evitou comentar a mais recente pesquisa Datafolha que apontou para uma melhora da sua popularidade, inclusive no Nordeste. \u201cN\u00e3o me baseio em pesquisa nenhuma. Pesquisa \u00e9 o que a gente v\u00ea nas ruas. \u00c9 a gente aqui com o povo, com as autoridades.\u201d<\/p>\n\n\n\n<p>A pesquisa Datafolha realizada na semana passada aponta que 37% dos brasileiros consideram o governo Bolsonaro \u00f3timo ou bom, ante 32% na pesquisa anterior, feita em junho. Os eleitores que consideravam o governo ruim ou p\u00e9ssimo caiu de 44% para 34% no mesmo per\u00edodo.<\/p>\n\n\n\n<p>Nesta segunda-feira, Bolsonaro desembarcou em Aracaju pela manh\u00e3 e foi recebido por uma multid\u00e3o de apoiadores que se aglomeravam no aeroporto. Sem usar m\u00e1scara, o presidente cumprimentou e pegou na m\u00e3o dos militantes, contra as orienta\u00e7\u00f5es das autoridades sanit\u00e1rias.<\/p>\n\n\n\n<p>Para acenar para o p\u00fablico, ele subiu nos ombros de um seguran\u00e7a e vestiu um chap\u00e9u de vaqueiro. Foi saudado pelos eleitores com gritos de \u201cmelhor presidente do Brasil\u201d e \u201ceu vim de gra\u00e7a\u201d.<img decoding=\"async\" data-src=\"https:\/\/paraibaonline.com.br\/wp-content\/uploads\/2020\/08\/bolsonaro1808a.jpg\" alt=\"Foto: Alan Santos\/PR\" data-srcset=\"https:\/\/paraibaonline.com.br\/wp-content\/uploads\/2020\/08\/bolsonaro1808a.jpg 1024w, https:\/\/paraibaonline.com.br\/wp-content\/uploads\/2020\/08\/bolsonaro1808a-567x378.jpg 567w, https:\/\/paraibaonline.com.br\/wp-content\/uploads\/2020\/08\/bolsonaro1808a-900x599.jpg 900w\" src=\"data:image\/svg+xml;base64,PHN2ZyB3aWR0aD0iMSIgaGVpZ2h0PSIxIiB4bWxucz0iaHR0cDovL3d3dy53My5vcmcvMjAwMC9zdmciPjwvc3ZnPg==\" class=\"lazyload\"><\/p>\n\n\n\n<p id=\"caption-attachment-921005\">Foto: Alan Santos\/PR<\/p>\n\n\n\n<p>Ao comentar sobre a receptividade no Nordeste, regi\u00e3o onde proporcionalmente teve menos votos na elei\u00e7\u00e3o de 2018, o presidente afirmou que n\u00e3o v\u00ea diferen\u00e7a em rela\u00e7\u00e3o ao que j\u00e1 via campanha eleitoral.<\/p>\n\n\n\n<p>\u201c\u00c9 sinal que nada mudou. A gente continua gozando prest\u00edgio e considera\u00e7\u00e3o por parte da popula\u00e7\u00e3o e retribu\u00edmos com um trabalho, honestidade e sinceridade\u201d, afirmou.<\/p>\n\n\n\n<p>O presidente esteve em Sergipe para a inaugura\u00e7\u00e3o da Usina Termoel\u00e9trica Porto Sergipe I, um empreendimento da Celse (Centrais El\u00e9tricas de Sergipe) em Barra dos Coqueiros (14 km de Aracaju). O empreendimento \u00e9 100% privado e n\u00e3o teve financiamento de bancos p\u00fablicos.<\/p>\n\n\n\n<p>A usina j\u00e1 est\u00e1 em pleno funcionamento desde mar\u00e7o de 2020. O ato tamb\u00e9m marcou o arrendamento dos dez anos das f\u00e1bricas de fertilizantes nitrogenados da Petrobras na Bahia e em Sergipe para a Proquigel, subsidi\u00e1ria do grupo Unigel.<\/p>\n\n\n\n<p>O evento aconteceu em uma \u00e1rea isolada junto \u00e0 termoel\u00e9trica e foi aberto apenas a autoridades. No local, sentado ao lado de empres\u00e1rios e pol\u00edticos, o presidente usou m\u00e1scara.<\/p>\n\n\n\n<p>O presidente trocou elogios com o governador Belivaldo Chagas (PSD), pol\u00edtico aliado ao PT localmente que apoiou Fernando Haddad (PT) em 2018 e que tem posi\u00e7\u00e3o de independ\u00eancia em rela\u00e7\u00e3o ao governo federal. \u201cO governador sequestrou meu cora\u00e7\u00e3o\u201d, disse Bolsonaro.<\/p>\n\n\n\n<p>Chagas afirmou que o presidente \u00e9 \u201cum verdadeiro defensor\u201d do estado de Sergipe: \u201cN\u00e3o tenho do que reclamar do governo federal\u201d. Deputados de partidos do centr\u00e3o como PP e Republicanos, inclusive de outros estados, tamb\u00e9m participaram do ato ao lado do presidente.<\/p>\n\n\n\n<p>A visita acontece no momento o governo federal trava uma disputa interna em torno da amplia\u00e7\u00e3o dos gastos p\u00fablicos. Enquanto o ministro Paulo Guedes (Economia) tenta travar novos gastos, ministros como Rog\u00e9rio Marinho (Desenvolvimento Regional) defendem mais investimentos.<\/p>\n\n\n\n<p>A press\u00e3o \u00e9 para que o presidente invista recursos sobretudo na regi\u00e3o Nordeste, regi\u00e3o que \u00e9 o principal basti\u00e3o da oposi\u00e7\u00e3o e onde o presidente teve menos votos em todos os nove estados em 2018.<\/p>\n\n\n\n<p>Em seu discurso, o presidente disse que a maior parte do or\u00e7amento federal \u00e9 comprometido com gastos obrigat\u00f3rios, o que lhe d\u00e1 pouca margem para novos gastos.<\/p>\n\n\n\n<p>\u201cSobra muito pouco e a briga [por recursos] \u00e9 grande. Temos feito o poss\u00edvel para, com menos fazer muito mais\u201d, afirmou Bolsonaro.<\/p>\n\n\n\n<p>Desde julho, o presidente visitou o Cear\u00e1, Piau\u00ed, Bahia e Sergipe e inaugurou trechos de obras iniciados em gest\u00f5es anteriores. Em julho, ele visitou a cidade de S\u00e3o Raimundo Nonato (PI) e inaugurou uma adutora em Campo Alegre de Lourdes (BA).<\/p>\n\n\n\n<p>No m\u00eas anterior, ele esteve no Cear\u00e1 para inaugurar, novamente, um trecho da transposi\u00e7\u00e3o do rio S\u00e3o Francisco, em Penaforte, no Cear\u00e1, obra tamb\u00e9m iniciada durante os governos petistas.<\/p>\n","protected":false},"excerpt":{"rendered":"<p>\u201cN\u00e3o estou preocupado com 2022, 2022 \u00e9 outra hist\u00f3ria. Quero fazer um governo bom nesses quatro anos\u201d, disse o presidente, que ainda deu mostras de&hellip; <\/p>\n","protected":false},"author":2,"featured_media":184214,"comment_status":"closed","ping_status":"closed","sticky":false,"template":"","format":"standard","meta":{"sfsi_plus_gutenberg_text_before_share":"","sfsi_plus_gutenberg_show_text_before_share":"","sfsi_plus_gutenberg_icon_type":"","sfsi_plus_gutenberg_icon_alignemt":"","sfsi_plus_gutenburg_max_per_row":"","footnotes":""},"categories":[11],"tags":[],"class_list":["post-184213","post","type-post","status-publish","format-standard","has-post-thumbnail","hentry","category-politica"],"_links":{"self":[{"href":"https:\/\/www.caririemacao.com\/1\/wp-json\/wp\/v2\/posts\/184213","targetHints":{"allow":["GET"]}}],"collection":[{"href":"https:\/\/www.caririemacao.com\/1\/wp-json\/wp\/v2\/posts"}],"about":[{"href":"https:\/\/www.caririemacao.com\/1\/wp-json\/wp\/v2\/types\/post"}],"author":[{"embeddable":true,"href":"https:\/\/www.caririemacao.com\/1\/wp-json\/wp\/v2\/users\/2"}],"replies":[{"embeddable":true,"href":"https:\/\/www.caririemacao.com\/1\/wp-json\/wp\/v2\/comments?post=184213"}],"version-history":[{"count":1,"href":"https:\/\/www.caririemacao.com\/1\/wp-json\/wp\/v2\/posts\/184213\/revisions"}],"predecessor-version":[{"id":184215,"href":"https:\/\/www.caririemacao.com\/1\/wp-json\/wp\/v2\/posts\/184213\/revisions\/184215"}],"wp:featuredmedia":[{"embeddable":true,"href":"https:\/\/www.caririemacao.com\/1\/wp-json\/wp\/v2\/media\/184214"}],"wp:attachment":[{"href":"https:\/\/www.caririemacao.com\/1\/wp-json\/wp\/v2\/media?parent=184213"}],"wp:term":[{"taxonomy":"category","embeddable":true,"href":"https:\/\/www.caririemacao.com\/1\/wp-json\/wp\/v2\/categories?post=184213"},{"taxonomy":"post_tag","embeddable":true,"href":"https:\/\/www.caririemacao.com\/1\/wp-json\/wp\/v2\/tags?post=184213"}],"curies":[{"name":"wp","href":"https:\/\/api.w.org\/{rel}","templated":true}]}}