{"id":184217,"date":"2020-08-18T14:32:51","date_gmt":"2020-08-18T17:32:51","guid":{"rendered":"https:\/\/www.caririemacao.com\/1\/?p=184217"},"modified":"2020-08-18T14:32:51","modified_gmt":"2020-08-18T17:32:51","slug":"atletico-mg-anuncia-contratacao-de-centroavante-por-4-anos","status":"publish","type":"post","link":"https:\/\/www.caririemacao.com\/1\/2020\/08\/18\/atletico-mg-anuncia-contratacao-de-centroavante-por-4-anos\/","title":{"rendered":"Atl\u00e9tico-MG anuncia contrata\u00e7\u00e3o de centroavante por 4 anos"},"content":{"rendered":"\n<h1 class=\"wp-block-heading\"><\/h1>\n\n\n\n<p>O atacante est\u00e1 em Belo Horizonte desde domingo (16) e realizou exames m\u00e9dicos na manh\u00e3 desta segunda-feira (17). Ele assinou contrato logo na sequ\u00eancia e firmou compromisso com o clube mineiro at\u00e9 2024. A sua contrata\u00e7\u00e3o \u00e9 um pedido de Jorge Sampaoli ao departamento de futebol.<\/p>\n\n\n\n<p>O neg\u00f3cio foi confirmado pelo mandat\u00e1rio atleticano: \u201cCom responsabilidade, continuamos a refor\u00e7ar nosso time. Bem-vindo, Sasha!\u201d, escreveu o presidente S\u00e9rgio Sette C\u00e2mara em seu perfil no Twitter.<\/p>\n\n\n\n<p>Para se acertar com o Atl\u00e9tico, o atacante de 28 anos precisou chegar a um acordo com o Santos para encerrar o processo em que pedia a rescis\u00e3o contratual e mais R$ 15 milh\u00f5es. O seu estafe chegou a um acordo com a diretoria santista, e ele receber\u00e1 menos de 10% do valor cobrado na Justi\u00e7a. Haveria uma audi\u00eancia nesta ter\u00e7a (18). No entanto, com o acordo e a consequente extin\u00e7\u00e3o do processo, o encontro foi cancelado.<\/p>\n\n\n\n<p>Eduardo Sasha trabalhou com Sampaoli no ano passado. \u00c0 \u00e9poca, eles levaram o vice-campeonato brasileiro. O atleta foi respons\u00e1vel por marcar 14 gols na competi\u00e7\u00e3o. Ele fez menos gols apenas que Gabigol e Bruno Henrique, do campe\u00e3o Flamengo.<\/p>\n","protected":false},"excerpt":{"rendered":"<p>O atacante est\u00e1 em Belo Horizonte desde domingo (16) e realizou exames m\u00e9dicos na manh\u00e3 desta segunda-feira (17). Ele assinou contrato logo na sequ\u00eancia e&hellip; <\/p>\n","protected":false},"author":2,"featured_media":184218,"comment_status":"closed","ping_status":"closed","sticky":false,"template":"","format":"standard","meta":{"sfsi_plus_gutenberg_text_before_share":"","sfsi_plus_gutenberg_show_text_before_share":"","sfsi_plus_gutenberg_icon_type":"","sfsi_plus_gutenberg_icon_alignemt":"","sfsi_plus_gutenburg_max_per_row":"","footnotes":""},"categories":[13],"tags":[],"class_list":["post-184217","post","type-post","status-publish","format-standard","has-post-thumbnail","hentry","category-esportes"],"_links":{"self":[{"href":"https:\/\/www.caririemacao.com\/1\/wp-json\/wp\/v2\/posts\/184217","targetHints":{"allow":["GET"]}}],"collection":[{"href":"https:\/\/www.caririemacao.com\/1\/wp-json\/wp\/v2\/posts"}],"about":[{"href":"https:\/\/www.caririemacao.com\/1\/wp-json\/wp\/v2\/types\/post"}],"author":[{"embeddable":true,"href":"https:\/\/www.caririemacao.com\/1\/wp-json\/wp\/v2\/users\/2"}],"replies":[{"embeddable":true,"href":"https:\/\/www.caririemacao.com\/1\/wp-json\/wp\/v2\/comments?post=184217"}],"version-history":[{"count":1,"href":"https:\/\/www.caririemacao.com\/1\/wp-json\/wp\/v2\/posts\/184217\/revisions"}],"predecessor-version":[{"id":184219,"href":"https:\/\/www.caririemacao.com\/1\/wp-json\/wp\/v2\/posts\/184217\/revisions\/184219"}],"wp:featuredmedia":[{"embeddable":true,"href":"https:\/\/www.caririemacao.com\/1\/wp-json\/wp\/v2\/media\/184218"}],"wp:attachment":[{"href":"https:\/\/www.caririemacao.com\/1\/wp-json\/wp\/v2\/media?parent=184217"}],"wp:term":[{"taxonomy":"category","embeddable":true,"href":"https:\/\/www.caririemacao.com\/1\/wp-json\/wp\/v2\/categories?post=184217"},{"taxonomy":"post_tag","embeddable":true,"href":"https:\/\/www.caririemacao.com\/1\/wp-json\/wp\/v2\/tags?post=184217"}],"curies":[{"name":"wp","href":"https:\/\/api.w.org\/{rel}","templated":true}]}}