{"id":184221,"date":"2020-08-18T14:34:51","date_gmt":"2020-08-18T17:34:51","guid":{"rendered":"https:\/\/www.caririemacao.com\/1\/?p=184221"},"modified":"2020-08-18T14:34:51","modified_gmt":"2020-08-18T17:34:51","slug":"tse-julga-nesta-terca-feira-processo-contra-ricardo-coutinho-que-pede-inelegibilidade-por-suposto-abuso-de-poder","status":"publish","type":"post","link":"https:\/\/www.caririemacao.com\/1\/2020\/08\/18\/tse-julga-nesta-terca-feira-processo-contra-ricardo-coutinho-que-pede-inelegibilidade-por-suposto-abuso-de-poder\/","title":{"rendered":"TSE julga nesta ter\u00e7a-feira processo contra Ricardo Coutinho que pede inelegibilidade por suposto abuso de poder"},"content":{"rendered":"\n<h3 class=\"wp-block-heading\"><\/h3>\n\n\n\n<hr class=\"wp-block-separator\"\/>\n\n\n\n<p>O Tribunal Superior Eleitoral (TSE) deve julgar nesta ter\u00e7a-feira (18), durante sess\u00e3o on-line, uma&nbsp;<strong>A\u00e7\u00e3o de Investiga\u00e7\u00e3o Judicial Eleitoral<\/strong>&nbsp;(AIJE) que pede a<strong>&nbsp;inelegibilidade de Ricardo Coutinho sob a acusa\u00e7\u00e3o de suposto abuso de poder pol\u00edtico<\/strong>&nbsp;para conseguir sua reelei\u00e7\u00e3o a governador nas elei\u00e7\u00f5es de 2014 na Para\u00edba.<\/p>\n\n\n\n<p><strong>A Aije de n\u00ba 0001514-74.2014.6.15.000<\/strong>&nbsp;foi interposta pela Coliga\u00e7\u00e3o \u201cA Vontade do Povo\u201d, do Partido da Social Democracia Brasileira (PSDB). O relator do caso na Corte \u00e9 o ministro Og Fernandes.<\/p>\n\n\n\n<h3 class=\"wp-block-heading\"><strong>Sobre o processo<\/strong><\/h3>\n\n\n\n<p>Ricardo Coutinho \u00e9 acusado de abuso de poder econ\u00f4mico e pol\u00edtico por contrata\u00e7\u00e3o de codificados. O Tribunal Regional Eleitoral da Para\u00edba (TRE-PB) j\u00e1 havia julgado procedente a a\u00e7\u00e3o contra Ricardo, por conduta vedada e aplica\u00e7\u00e3o de multa. A Coliga\u00e7\u00e3o \u201cA Vontade do Povo\u201d, do PSDB, interp\u00f4s recurso pedindo a inelegibilidade do socialista.<\/p>\n\n\n\n<p>O advogado da coliga\u00e7\u00e3o, Harrison Targino, disse que a AIJE trata da contrata\u00e7\u00e3o de pessoas pelo Governo do Estado em pleno per\u00edodo eleitoral, no caso, nas elei\u00e7\u00f5es de 2014. No Ac\u00f3rd\u00e3o da decis\u00e3o do Tribunal Regional Eleitoral, h\u00e1 o reconhecimento de mais de duas mil pessoas que tiveram contratos tempor\u00e1rios admitidos e demitidos durante o per\u00edodo vedado.<\/p>\n\n\n\n<p>O socialista responde ainda a outras duas A\u00e7\u00f5es de Investiga\u00e7\u00e3o Judiciais Eleitorais no TSE. S\u00e3o elas: a da PBPrev e a do EmpreenderPB. Na dos Codificados e do Empreender, ele foi condenado por condutas vedadas pelo TRE-PB. Entretanto, a Corte paraibana entendeu n\u00e3o serem essas condutas decisivas para o pleito, mantendo-o no cargo, mas com pagamento de multas.<\/p>\n\n\n\n<p>Nos tr\u00eas recursos apresentados dentro das AIJEs, j\u00e1 h\u00e1 pareceres da Procuradoria Geral da Rep\u00fablica pela inelegibilidade de Ricardo Coutinho. Em se confirmando, o ex-governador estaria fora das elei\u00e7\u00f5es municipais deste ano, e das estaduais (2022) tamb\u00e9m.<\/p>\n","protected":false},"excerpt":{"rendered":"<p>O Tribunal Superior Eleitoral (TSE) deve julgar nesta ter\u00e7a-feira (18), durante sess\u00e3o on-line, uma&nbsp;A\u00e7\u00e3o de Investiga\u00e7\u00e3o Judicial Eleitoral&nbsp;(AIJE) que pede a&nbsp;inelegibilidade de Ricardo Coutinho sob&hellip; <\/p>\n","protected":false},"author":2,"featured_media":184222,"comment_status":"closed","ping_status":"closed","sticky":false,"template":"","format":"standard","meta":{"sfsi_plus_gutenberg_text_before_share":"","sfsi_plus_gutenberg_show_text_before_share":"","sfsi_plus_gutenberg_icon_type":"","sfsi_plus_gutenberg_icon_alignemt":"","sfsi_plus_gutenburg_max_per_row":"","footnotes":""},"categories":[2],"tags":[],"class_list":["post-184221","post","type-post","status-publish","format-standard","has-post-thumbnail","hentry","category-geral"],"_links":{"self":[{"href":"https:\/\/www.caririemacao.com\/1\/wp-json\/wp\/v2\/posts\/184221","targetHints":{"allow":["GET"]}}],"collection":[{"href":"https:\/\/www.caririemacao.com\/1\/wp-json\/wp\/v2\/posts"}],"about":[{"href":"https:\/\/www.caririemacao.com\/1\/wp-json\/wp\/v2\/types\/post"}],"author":[{"embeddable":true,"href":"https:\/\/www.caririemacao.com\/1\/wp-json\/wp\/v2\/users\/2"}],"replies":[{"embeddable":true,"href":"https:\/\/www.caririemacao.com\/1\/wp-json\/wp\/v2\/comments?post=184221"}],"version-history":[{"count":1,"href":"https:\/\/www.caririemacao.com\/1\/wp-json\/wp\/v2\/posts\/184221\/revisions"}],"predecessor-version":[{"id":184223,"href":"https:\/\/www.caririemacao.com\/1\/wp-json\/wp\/v2\/posts\/184221\/revisions\/184223"}],"wp:featuredmedia":[{"embeddable":true,"href":"https:\/\/www.caririemacao.com\/1\/wp-json\/wp\/v2\/media\/184222"}],"wp:attachment":[{"href":"https:\/\/www.caririemacao.com\/1\/wp-json\/wp\/v2\/media?parent=184221"}],"wp:term":[{"taxonomy":"category","embeddable":true,"href":"https:\/\/www.caririemacao.com\/1\/wp-json\/wp\/v2\/categories?post=184221"},{"taxonomy":"post_tag","embeddable":true,"href":"https:\/\/www.caririemacao.com\/1\/wp-json\/wp\/v2\/tags?post=184221"}],"curies":[{"name":"wp","href":"https:\/\/api.w.org\/{rel}","templated":true}]}}