{"id":184225,"date":"2020-08-18T14:41:49","date_gmt":"2020-08-18T17:41:49","guid":{"rendered":"https:\/\/www.caririemacao.com\/1\/?p=184225"},"modified":"2020-08-18T14:41:49","modified_gmt":"2020-08-18T17:41:49","slug":"auxilio-emergencial-18-milhao-de-beneficiarios-do-bolsa-familia-recebem-a-5a-parcela-nesta-terca-veja-o-calendario","status":"publish","type":"post","link":"https:\/\/www.caririemacao.com\/1\/2020\/08\/18\/auxilio-emergencial-18-milhao-de-beneficiarios-do-bolsa-familia-recebem-a-5a-parcela-nesta-terca-veja-o-calendario\/","title":{"rendered":"Aux\u00edlio Emergencial: 1,8 milh\u00e3o de benefici\u00e1rios do Bolsa Fam\u00edlia recebem a 5\u00aa parcela nesta ter\u00e7a; veja o calend\u00e1rio"},"content":{"rendered":"\n<h3 class=\"wp-block-heading\"><\/h3>\n\n\n\n<hr class=\"wp-block-separator\"\/>\n\n\n\n<p>A Caixa Econ\u00f4mica Federal (CEF) paga nesta ter\u00e7a-feira (18) a quinta parcela do Aux\u00edlio Emergencial 1,9 milh\u00e3o de benefici\u00e1rios do programa que tamb\u00e9m fazem parte do Bolsa Fam\u00edlia, cujo NIS termina em 1. Os pagamentos para esse grupo s\u00e3o feitos da mesma forma que o Bolsa.<\/p>\n\n\n\n<h3 class=\"wp-block-heading\"><strong>Veja o calend\u00e1rio:<\/strong><\/h3>\n\n\n\n<figure class=\"wp-block-image\"><img decoding=\"async\" data-src=\"https:\/\/s2.glbimg.com\/IPHAlx0VTYPyoAChXBfTvz2qzN0=\/0x0:1340x1154\/984x0\/smart\/filters:strip_icc()\/i.s3.glbimg.com\/v1\/AUTH_59edd422c0c84a879bd37670ae4f538a\/internal_photos\/bs\/2020\/D\/r\/xJOuSQSemAejUfYHiSZQ\/cmb2g-pagamento-aos-benefici-rios-do-bolsa-fam-lia-.png\" alt=\"Bolsa Fam\u00edlia, 5 Parcela \u2014 Foto: Economia G1\" src=\"data:image\/svg+xml;base64,PHN2ZyB3aWR0aD0iMSIgaGVpZ2h0PSIxIiB4bWxucz0iaHR0cDovL3d3dy53My5vcmcvMjAwMC9zdmciPjwvc3ZnPg==\" class=\"lazyload\" \/><\/figure>\n\n\n\n<h2 class=\"wp-block-heading\"><strong>Demais trabalhadores<\/strong><\/h2>\n\n\n\n<p>Para os demais benefici\u00e1rios do Aux\u00edlio Emergencial, o pagamento est\u00e1 sendo feito em lotes. Desde 22 de julho, a quarta parcela vem sendo paga aos aprovados no primeiro lote (que receberam a primeira parcela em abril).&nbsp;O quinto lote come\u00e7a a ser pago em 28 de agosto para esses primeiros aprovados.<\/p>\n\n\n\n<p>Para os aprovados nos demais lotes, os pagamentos seguem at\u00e9 13 de novembro. Os trabalhadores podem consultar a situa\u00e7\u00e3o do benef\u00edcio pelo aplicativo do aux\u00edlio emergencial ou pelo site&nbsp;<strong><a href=\"http:\/\/auxilio.caixa.gov.br\/\" target=\"_blank\" rel=\"noreferrer noopener\">auxilio.caixa.gov.br<\/a><\/strong>.<\/p>\n","protected":false},"excerpt":{"rendered":"<p>A Caixa Econ\u00f4mica Federal (CEF) paga nesta ter\u00e7a-feira (18) a quinta parcela do Aux\u00edlio Emergencial 1,9 milh\u00e3o de benefici\u00e1rios do programa que tamb\u00e9m fazem parte&hellip; <\/p>\n","protected":false},"author":2,"featured_media":184226,"comment_status":"closed","ping_status":"closed","sticky":false,"template":"","format":"standard","meta":{"sfsi_plus_gutenberg_text_before_share":"","sfsi_plus_gutenberg_show_text_before_share":"","sfsi_plus_gutenberg_icon_type":"","sfsi_plus_gutenberg_icon_alignemt":"","sfsi_plus_gutenburg_max_per_row":"","footnotes":""},"categories":[2],"tags":[],"class_list":["post-184225","post","type-post","status-publish","format-standard","has-post-thumbnail","hentry","category-geral"],"_links":{"self":[{"href":"https:\/\/www.caririemacao.com\/1\/wp-json\/wp\/v2\/posts\/184225","targetHints":{"allow":["GET"]}}],"collection":[{"href":"https:\/\/www.caririemacao.com\/1\/wp-json\/wp\/v2\/posts"}],"about":[{"href":"https:\/\/www.caririemacao.com\/1\/wp-json\/wp\/v2\/types\/post"}],"author":[{"embeddable":true,"href":"https:\/\/www.caririemacao.com\/1\/wp-json\/wp\/v2\/users\/2"}],"replies":[{"embeddable":true,"href":"https:\/\/www.caririemacao.com\/1\/wp-json\/wp\/v2\/comments?post=184225"}],"version-history":[{"count":1,"href":"https:\/\/www.caririemacao.com\/1\/wp-json\/wp\/v2\/posts\/184225\/revisions"}],"predecessor-version":[{"id":184227,"href":"https:\/\/www.caririemacao.com\/1\/wp-json\/wp\/v2\/posts\/184225\/revisions\/184227"}],"wp:featuredmedia":[{"embeddable":true,"href":"https:\/\/www.caririemacao.com\/1\/wp-json\/wp\/v2\/media\/184226"}],"wp:attachment":[{"href":"https:\/\/www.caririemacao.com\/1\/wp-json\/wp\/v2\/media?parent=184225"}],"wp:term":[{"taxonomy":"category","embeddable":true,"href":"https:\/\/www.caririemacao.com\/1\/wp-json\/wp\/v2\/categories?post=184225"},{"taxonomy":"post_tag","embeddable":true,"href":"https:\/\/www.caririemacao.com\/1\/wp-json\/wp\/v2\/tags?post=184225"}],"curies":[{"name":"wp","href":"https:\/\/api.w.org\/{rel}","templated":true}]}}