{"id":184229,"date":"2020-08-19T06:14:29","date_gmt":"2020-08-19T09:14:29","guid":{"rendered":"https:\/\/www.caririemacao.com\/1\/?p=184229"},"modified":"2020-08-19T06:14:29","modified_gmt":"2020-08-19T09:14:29","slug":"governo-da-paraiba-prepara-campanha-de-vacinacao-contra-raiva-animal","status":"publish","type":"post","link":"https:\/\/www.caririemacao.com\/1\/2020\/08\/19\/governo-da-paraiba-prepara-campanha-de-vacinacao-contra-raiva-animal\/","title":{"rendered":"Governo da Para\u00edba prepara campanha de vacina\u00e7\u00e3o contra raiva animal"},"content":{"rendered":"\n<h1 class=\"wp-block-heading\"><\/h1>\n\n\n\n<p>A Secretaria de Estado da Sa\u00fade (SES), por meio da Ger\u00eancia Executiva de Vigil\u00e2ncia em Sa\u00fade, est\u00e1 preparando a Campanha de Vacina\u00e7\u00e3o contra Raiva Animal 2020.<\/p>\n\n\n\n<p>Este ano, as a\u00e7\u00f5es ser\u00e3o realizadas no per\u00edodo de 21 de setembro a 23 de outubro. A meta \u00e9 vacinar 657.141 animais, sendo 492.856 c\u00e3es e 164.285 gatos.<\/p>\n\n\n\n<p>Esses animais devem ser vacinados a partir dos tr\u00eas meses de vida e a vacina n\u00e3o tem contraindica\u00e7\u00e3o.<\/p>\n\n\n\n<p>De acordo com o Plano de Controle da Raiva no Ciclo Urbano, a vacina\u00e7\u00e3o \u00e9 o principal instrumento de preven\u00e7\u00e3o e controle da doen\u00e7a no ciclo urbano.<\/p>\n\n\n\n<p>Em virtude da pandemia, a SES recomenda aten\u00e7\u00e3o para algumas medidas durante o per\u00edodo da campanha, com o objetivo de reduzir o risco de transmiss\u00e3o da Covid-19.<\/p>\n\n\n\n<p>\u201cOrientamos aos munic\u00edpios que, se poss\u00edvel, n\u00e3o seja realizado o Dia D, como normalmente fazemos, visando evitar aglomera\u00e7\u00f5es. De prefer\u00eancia, usar estrat\u00e9gias de vacina\u00e7\u00e3o casa a casa, evitando entrar nos domic\u00edlios, ou sistema de vacina\u00e7\u00e3o com postos volantes, por localidade\u201d, alertou o chefe do N\u00facleo de Zoonoses da Secretaria, Francisco de Assis Azevedo.<\/p>\n\n\n\n<p>J\u00e1 nos postos fixos, a equipe \u2013 composta de um organizador, dois vacinadores e um compilador de dados e entregador de cart\u00e3o de vacina \u2013 deve ser orientada a evitar contato f\u00edsico com os tutores dos animais, manter uma fila para c\u00e3es e outra para gatos, sinalizar distanciamento entre os tutores, al\u00e9m de obedecer aos cuidados do uso de m\u00e1scara e \u00e1lcool em gel.<\/p>\n\n\n\n<p>\u201cImportante lembrar que o animal deve estar sempre acompanhado de pessoa maior de idade e devidamente contido (com coleira e guia)\u201d, pontuou Francisco de Assis.<\/p>\n\n\n\n<p>As agendas que antecedem a campanha, com orienta\u00e7\u00f5es para as 12 Ger\u00eancias Regionais de Sa\u00fade, ser\u00e3o realizadas por videoconfer\u00eancia, de 25 de agosto a 3 de setembro.<\/p>\n\n\n\n<p>Raiva animal \u2013 A raiva \u00e9 um v\u00edrus, uma zoonose (doen\u00e7a que pode ser transmitida dos animais para o homem) quase erradicada atualmente, mas, mesmo assim, muito temida.<\/p>\n\n\n\n<p>Isso porque a taxa de mortalidade da doen\u00e7a, que atinge apenas mam\u00edferos, \u00e9 de quase 100%.<\/p>\n\n\n\n<p>Os principais transmissores s\u00e3o os animais silvestres, como morcegos, gamb\u00e1s e macacos, que contaminam cachorros, gatos e humanos. O cont\u00e1gio ocorre por meio da troca de secre\u00e7\u00f5es, contato sangu\u00edneo ou mordida.<\/p>\n","protected":false},"excerpt":{"rendered":"<p>A Secretaria de Estado da Sa\u00fade (SES), por meio da Ger\u00eancia Executiva de Vigil\u00e2ncia em Sa\u00fade, est\u00e1 preparando a Campanha de Vacina\u00e7\u00e3o contra Raiva Animal&hellip; <\/p>\n","protected":false},"author":2,"featured_media":184230,"comment_status":"closed","ping_status":"closed","sticky":false,"template":"","format":"standard","meta":{"sfsi_plus_gutenberg_text_before_share":"","sfsi_plus_gutenberg_show_text_before_share":"","sfsi_plus_gutenberg_icon_type":"","sfsi_plus_gutenberg_icon_alignemt":"","sfsi_plus_gutenburg_max_per_row":"","footnotes":""},"categories":[2],"tags":[],"class_list":["post-184229","post","type-post","status-publish","format-standard","has-post-thumbnail","hentry","category-geral"],"_links":{"self":[{"href":"https:\/\/www.caririemacao.com\/1\/wp-json\/wp\/v2\/posts\/184229","targetHints":{"allow":["GET"]}}],"collection":[{"href":"https:\/\/www.caririemacao.com\/1\/wp-json\/wp\/v2\/posts"}],"about":[{"href":"https:\/\/www.caririemacao.com\/1\/wp-json\/wp\/v2\/types\/post"}],"author":[{"embeddable":true,"href":"https:\/\/www.caririemacao.com\/1\/wp-json\/wp\/v2\/users\/2"}],"replies":[{"embeddable":true,"href":"https:\/\/www.caririemacao.com\/1\/wp-json\/wp\/v2\/comments?post=184229"}],"version-history":[{"count":1,"href":"https:\/\/www.caririemacao.com\/1\/wp-json\/wp\/v2\/posts\/184229\/revisions"}],"predecessor-version":[{"id":184231,"href":"https:\/\/www.caririemacao.com\/1\/wp-json\/wp\/v2\/posts\/184229\/revisions\/184231"}],"wp:featuredmedia":[{"embeddable":true,"href":"https:\/\/www.caririemacao.com\/1\/wp-json\/wp\/v2\/media\/184230"}],"wp:attachment":[{"href":"https:\/\/www.caririemacao.com\/1\/wp-json\/wp\/v2\/media?parent=184229"}],"wp:term":[{"taxonomy":"category","embeddable":true,"href":"https:\/\/www.caririemacao.com\/1\/wp-json\/wp\/v2\/categories?post=184229"},{"taxonomy":"post_tag","embeddable":true,"href":"https:\/\/www.caririemacao.com\/1\/wp-json\/wp\/v2\/tags?post=184229"}],"curies":[{"name":"wp","href":"https:\/\/api.w.org\/{rel}","templated":true}]}}