{"id":184237,"date":"2020-08-19T06:25:27","date_gmt":"2020-08-19T09:25:27","guid":{"rendered":"https:\/\/www.caririemacao.com\/1\/?p=184237"},"modified":"2020-08-19T06:25:27","modified_gmt":"2020-08-19T09:25:27","slug":"mais-de-80-dos-brasileiros-consideram-a-energia-eletrica-cara-ou-muito-cara","status":"publish","type":"post","link":"https:\/\/www.caririemacao.com\/1\/2020\/08\/19\/mais-de-80-dos-brasileiros-consideram-a-energia-eletrica-cara-ou-muito-cara\/","title":{"rendered":"Mais de 80% dos brasileiros consideram a energia el\u00e9trica cara ou muito cara"},"content":{"rendered":"\n<h1 class=\"wp-block-heading\"><\/h1>\n\n\n\n<p>Oitenta e quatro por cento dos brasileiros entrevistados pelo Ibope e pela Associa\u00e7\u00e3o Brasileira dos Comercializadores de Energia (Abraceel) consideram a energia el\u00e9trica cara&nbsp;ou muito cara.<\/p>\n\n\n\n<p>Para a Abraceel, o valor pago pelos consumidores tem se tornado mais evidente nas despesas das fam\u00edlias, j\u00e1 que as pessoas que consideravam o servi\u00e7o caro ou muito caro no ano de 2014 \u2013 primeiro de realiza\u00e7\u00e3o da pesquisa \u2013 chegavam a 67%.<\/p>\n\n\n\n<p>O percentual atingiu a maior marca em 2014 (88%) e no ano passado (87%). A pesquisa ouviu 2 mil pessoas em todas as regi\u00f5es do pa\u00eds, entre os dias&nbsp;24 de mar\u00e7o e&nbsp;1\u00ba de abril.<img decoding=\"async\" data-src=\"https:\/\/agenciabrasil.ebc.com.br\/ebc.png?id=1314045&amp;o=node\" src=\"data:image\/svg+xml;base64,PHN2ZyB3aWR0aD0iMSIgaGVpZ2h0PSIxIiB4bWxucz0iaHR0cDovL3d3dy53My5vcmcvMjAwMC9zdmciPjwvc3ZnPg==\" class=\"lazyload\"><img decoding=\"async\" data-src=\"https:\/\/agenciabrasil.ebc.com.br\/ebc.gif?id=1314045&amp;o=node\" src=\"data:image\/svg+xml;base64,PHN2ZyB3aWR0aD0iMSIgaGVpZ2h0PSIxIiB4bWxucz0iaHR0cDovL3d3dy53My5vcmcvMjAwMC9zdmciPjwvc3ZnPg==\" class=\"lazyload\"><\/p>\n\n\n\n<p>Considerando os dados deste ano, 55% dos entrevistados afirmaram&nbsp;que o alto pre\u00e7o \u00e9 causado pelos impostos e 28%, pela falta de concorr\u00eancia no setor.<\/p>\n\n\n\n<p>\u201cHoje&nbsp;a energia el\u00e9trica \u00e9 um dos servi\u00e7os mais taxados, por uma raz\u00e3o muito simples: os governos estaduais t\u00eam muita facilidade em arrecadar imposto por meio da conta de luz, ent\u00e3o incidem diversos impostos \u2013 federais, estaduais \u2013 e o consumidor percebe que a energia \u00e9 cara devido aos muitos tributos\u201d, disse o presidente da Abraceel, Reginaldo Medeiros.<img decoding=\"async\" data-src=\"https:\/\/paraibaonline.com.br\/wp-content\/uploads\/2019\/08\/energia-luz-567x378.jpg\" alt=\"Foto: Marcelo Camargo\/Ag\u00eancia Brasil\" data-srcset=\"https:\/\/paraibaonline.com.br\/wp-content\/uploads\/2019\/08\/energia-luz-567x378.jpg 567w, https:\/\/paraibaonline.com.br\/wp-content\/uploads\/2019\/08\/energia-luz-900x600.jpg 900w, https:\/\/paraibaonline.com.br\/wp-content\/uploads\/2019\/08\/energia-luz.jpg 1140w\" src=\"data:image\/svg+xml;base64,PHN2ZyB3aWR0aD0iMSIgaGVpZ2h0PSIxIiB4bWxucz0iaHR0cDovL3d3dy53My5vcmcvMjAwMC9zdmciPjwvc3ZnPg==\" class=\"lazyload\" style=\"--smush-placeholder-width: 567px; --smush-placeholder-aspect-ratio: 567\/378;\"><\/p>\n\n\n\n<p id=\"caption-attachment-756266\">Foto: Marcelo Camargo\/Ag\u00eancia Brasil<\/p>\n\n\n\n<p>Ele lembra&nbsp;que os valores dos impostos est\u00e3o descritos em cada conta, para que o consumidor possa consultar.<\/p>\n\n\n\n<p>Segundo Medeiros, al\u00e9m desses dois fatores apontados pelos entrevistados, outro motivo atrelado ao alto pre\u00e7o das contas s\u00e3o os subs\u00eddios cruzados, que, conforme explica, \u201c\u00e9 o que um consumidor paga pelo outro\u201d.<\/p>\n\n\n\n<p>Ele citou dois exemplos em que os mais pobres pagam pelos mais ricos: subs\u00eddios para o agroneg\u00f3cio \u2013 devido aos subs\u00eddios para \u00e1reas rurais \u2013 e para aqueles que instalam pain\u00e9is fotovoltaicos.<\/p>\n","protected":false},"excerpt":{"rendered":"<p>Oitenta e quatro por cento dos brasileiros entrevistados pelo Ibope e pela Associa\u00e7\u00e3o Brasileira dos Comercializadores de Energia (Abraceel) consideram a energia el\u00e9trica cara&nbsp;ou muito&hellip; <\/p>\n","protected":false},"author":2,"featured_media":184238,"comment_status":"closed","ping_status":"closed","sticky":false,"template":"","format":"standard","meta":{"sfsi_plus_gutenberg_text_before_share":"","sfsi_plus_gutenberg_show_text_before_share":"","sfsi_plus_gutenberg_icon_type":"","sfsi_plus_gutenberg_icon_alignemt":"","sfsi_plus_gutenburg_max_per_row":"","footnotes":""},"categories":[2],"tags":[],"class_list":["post-184237","post","type-post","status-publish","format-standard","has-post-thumbnail","hentry","category-geral"],"_links":{"self":[{"href":"https:\/\/www.caririemacao.com\/1\/wp-json\/wp\/v2\/posts\/184237","targetHints":{"allow":["GET"]}}],"collection":[{"href":"https:\/\/www.caririemacao.com\/1\/wp-json\/wp\/v2\/posts"}],"about":[{"href":"https:\/\/www.caririemacao.com\/1\/wp-json\/wp\/v2\/types\/post"}],"author":[{"embeddable":true,"href":"https:\/\/www.caririemacao.com\/1\/wp-json\/wp\/v2\/users\/2"}],"replies":[{"embeddable":true,"href":"https:\/\/www.caririemacao.com\/1\/wp-json\/wp\/v2\/comments?post=184237"}],"version-history":[{"count":1,"href":"https:\/\/www.caririemacao.com\/1\/wp-json\/wp\/v2\/posts\/184237\/revisions"}],"predecessor-version":[{"id":184239,"href":"https:\/\/www.caririemacao.com\/1\/wp-json\/wp\/v2\/posts\/184237\/revisions\/184239"}],"wp:featuredmedia":[{"embeddable":true,"href":"https:\/\/www.caririemacao.com\/1\/wp-json\/wp\/v2\/media\/184238"}],"wp:attachment":[{"href":"https:\/\/www.caririemacao.com\/1\/wp-json\/wp\/v2\/media?parent=184237"}],"wp:term":[{"taxonomy":"category","embeddable":true,"href":"https:\/\/www.caririemacao.com\/1\/wp-json\/wp\/v2\/categories?post=184237"},{"taxonomy":"post_tag","embeddable":true,"href":"https:\/\/www.caririemacao.com\/1\/wp-json\/wp\/v2\/tags?post=184237"}],"curies":[{"name":"wp","href":"https:\/\/api.w.org\/{rel}","templated":true}]}}