{"id":184241,"date":"2020-08-19T06:30:08","date_gmt":"2020-08-19T09:30:08","guid":{"rendered":"https:\/\/www.caririemacao.com\/1\/?p=184241"},"modified":"2020-08-19T06:30:08","modified_gmt":"2020-08-19T09:30:08","slug":"paraiba-registra-mais-de-1-200-casos-de-covid-19-nas-ultimas-24-horas","status":"publish","type":"post","link":"https:\/\/www.caririemacao.com\/1\/2020\/08\/19\/paraiba-registra-mais-de-1-200-casos-de-covid-19-nas-ultimas-24-horas\/","title":{"rendered":"Para\u00edba registra mais de 1.200 casos de Covid-19 nas \u00faltimas 24 horas"},"content":{"rendered":"\n<h1 class=\"wp-block-heading\"><\/h1>\n\n\n\n<p>Nesta ter\u00e7a-feira, 18, a Para\u00edba registrou 1.274 novos casos de Covid-19 e 20 \u00f3bitos confirmados desde a \u00faltima atualiza\u00e7\u00e3o, 08 deles ocorridos nas \u00faltimas 24h.<\/p>\n\n\n\n<p>De acordo com a Secretaria de Estado da Sa\u00fade (SES), 97.497 pessoas j\u00e1 contra\u00edram a doen\u00e7a, 55.572 j\u00e1 se recuperaram e 2.203 faleceram.<\/p>\n\n\n\n<p>At\u00e9 o momento, 285.187 testes para diagn\u00f3stico da Covid-19 j\u00e1 foram realizados.<\/p>\n\n\n\n<p>A ocupa\u00e7\u00e3o total de leitos de UTI (adulto, pedi\u00e1trico e obst\u00e9trico) em todo o estado \u00e9 de 37%.<\/p>\n\n\n\n<p>Fazendo um recorte apenas dos leitos de UTI para adultos na Regi\u00e3o Metropolitana de Jo\u00e3o Pessoa, a taxa de ocupa\u00e7\u00e3o chega a 38%.<\/p>\n\n\n\n<p>Em Campina Grande, est\u00e3o ocupados 33% dos leitos de UTI adulto e no Sert\u00e3o, 51% dos leitos de UTI para adultos.<\/p>\n\n\n\n<p>O \u00edndice de isolamento social foi de apenas 38,11%, considerado baixo em rela\u00e7\u00e3o \u00e0 meta de 70% e \u00e0 m\u00ednima de 50%.<\/p>\n\n\n\n<p>Os casos confirmados est\u00e3o distribu\u00eddos por todos os 223 munic\u00edpios paraibanos:<\/p>\n\n\n\n<p>\u00c1gua Branca (52); Aguiar (24); Alagoa Grande (886); Alagoa Nova (276); Alagoinha (909); Alcantil (58); Algod\u00e3o de Janda\u00edra (15); Alhandra (614); Amparo (17); Aparecida (73); Ara\u00e7agi (489); Arara (199); Araruna (228); Areia (405); Areia de Bara\u00fanas (10); Areial (48); Aroeiras (204); Assun\u00e7\u00e3o (45); Baia da Trai\u00e7\u00e3o (580); Bananeiras (247); Bara\u00fana (132); Barra de Santa Rosa (71); Barra de Santana (103); Barra de S\u00e3o Miguel (50);&nbsp;<strong>Bayeux (1700)<\/strong>; Bel\u00e9m (957); Bel\u00e9m do Brejo do Cruz (35); Bernardino Batista (7); Boa Ventura (5); Boa Vista (94); Bom Jesus (8); Bom Sucesso (23); Bonito de Santa F\u00e9 (24); Boqueir\u00e3o (360); Borborema (40); Brejo do Cruz (374); Brejo dos Santos (29);<\/p>\n\n\n\n<p>Caapor\u00e3 (925); Cabaceiras (61);&nbsp;<strong>Cabedelo (2637)<\/strong>; Cachoeira dos \u00cdndios (98); Cacimba de Areia (9); Cacimba de Dentro (261); Cacimbas (46); Cai\u00e7ara (426);&nbsp;<strong>Cajazeiras (1504)<\/strong>; Cajazeirinhas (31); Caldas Brand\u00e3o (239); Camala\u00fa (3);&nbsp;<strong>Campina Grande (11901)<\/strong>; Capim (149); Cara\u00fabas (42); Carrapateira (50); Casserengue (294); Catingueira (17), Catol\u00e9 do Rocha (346); Caturit\u00e9 (100); Concei\u00e7\u00e3o (553); Condado (124); Conde (729); Congo (78); Coremas (130); Coxixola (34); Cruz do Esp\u00edrito Santo (278); Cubati (75); Cuit\u00e9 (166); Cuit\u00e9 de Mamanguape (108); Cuiteg\u00ed (396); Curral de Cima (26); Curral Velho (2), Dami\u00e3o (32); Desterro (54); Diamante (210); Dona In\u00eas (88); Duas Estradas (82); Emas (51); Esperan\u00e7a (462); Fagundes (106); Frei Martinho (8);<\/p>\n\n\n\n<p>Gado Bravo (94);&nbsp;<strong>Guarabira (3806)<\/strong>; Gurinh\u00e9m (426); Gurj\u00e3o (25); Ibiara (68); Igaracy (11); Imaculada (52);&nbsp;<strong>Ing\u00e1 (1129)<\/strong>;&nbsp;<strong>Itabaiana (1046)<\/strong>; Itaporanga (284); Itapororoca (760); Itatuba (330); Jacara\u00fa (294); Jeric\u00f3 (28);&nbsp;<strong>Jo\u00e3o Pessoa (24915)<\/strong>; Joca Claudino (12); Juarez T\u00e1vora (300); Juazeirinho (188); Junco do Serid\u00f3 (57); Juripiranga (466); Juru (130); Lagoa (6); Lagoa de Dentro (128); Lagoa Seca (666); Lastro (19); Livramento (97); Logradouro (139); Lucena (392); M\u00e3e d\u2019\u00c1gua (18); Malta (105);&nbsp;<strong>Mamanguape (2193)<\/strong>; Mana\u00edra (11); Marca\u00e7\u00e3o (344); Mari (1122); Mariz\u00f3polis (32); Massaranduba (318); Mataraca (168); Matinhas (72); Mato Grosso (17); Matureia (47); Mogeiro (164); Montadas (44); Monte Horebe (28); Monteiro (426); Mulungu (354);<\/p>\n\n\n\n<p>Natuba (62); Nazarezinho (39); Nova Floresta (64), Nova Olinda (15); Nova Palmeira (73); Olho D\u00b4\u00c1gua (40); Olivedos (89); Ouro Velho (1); Parari (5); Passagem (30);&nbsp;<strong>Patos (3383)<\/strong>; Paulista (214); Pedra Branca (1); Pedra Lavrada (34);&nbsp;<strong>Pedras de Fogo (1273)<\/strong>; Pedro R\u00e9gis (48); Pianc\u00f3 (164); Picu\u00ed (212); Pilar (360); Pil\u00f5es (107); Pil\u00f5ezinhos (244); Pirpirituba (308); Pitimbu (611); Pocinhos (158); Po\u00e7o Dantas (13); Po\u00e7o de Jos\u00e9 Moura (29); Pombal (506); Prata (7); Princesa Isabel (83); Puxinan\u00e3 (268);&nbsp;<strong>Queimadas (1105)<\/strong>; Quixaba (33); Rem\u00edgio (238); Riach\u00e3o (71); Riach\u00e3o do Bacamarte (228); Riach\u00e3o do Po\u00e7o (91); Riacho de Santo Ant\u00f4nio (30); Riacho dos Cavalos (13);&nbsp;<strong>Rio Tinto (1038)<\/strong>; Salgadinho (29); Salgado de S\u00e3o Felix (246); Santa Cec\u00edlia (74); Santa Cruz (58); Santa Helena (19);<\/p>\n\n\n\n<p>Santa In\u00eas (63); Santa Luzia (247);&nbsp;<strong>Santa Rita (2749)<\/strong>; Santa Terezinha (54); Santana de Mangueira (6); Santana dos Garrotes (18); Santo Andr\u00e9 (13); S\u00e3o Bentinho (52); S\u00e3o Bento (1757); S\u00e3o Domingos (6); S\u00e3o Domingos do Cariri (48); S\u00e3o Francisco (34); S\u00e3o Jo\u00e3o do Cariri (98); S\u00e3o Jo\u00e3o do Rio do Peixe (254); S\u00e3o Jo\u00e3o do Tigre (12); S\u00e3o Jos\u00e9 da Lagoa Tapada (57); S\u00e3o Jos\u00e9 de Caiana (48); S\u00e3o Jos\u00e9 de Espinharas (52); S\u00e3o Jos\u00e9 de Piranhas (176); S\u00e3o Jos\u00e9 de Princesa (2); S\u00e3o Jos\u00e9 do Bonfim (58); S\u00e3o Jos\u00e9 do Brejo do Cruz (13); S\u00e3o Jos\u00e9 do Sabugi (224); S\u00e3o Jos\u00e9 dos Cordeiros (41); S\u00e3o Jos\u00e9 dos Ramos (246); S\u00e3o Mamede (40);<\/p>\n\n\n\n<p>S\u00e3o Miguel de Taipu (139); S\u00e3o Sebasti\u00e3o de Lagoa de Ro\u00e7a (236); S\u00e3o Sebasti\u00e3o do Umbuzeiro (16); S\u00e3o Vicente do Serid\u00f3 (49);&nbsp;<strong>Sap\u00e9 (1016)<\/strong>; Serra Branca (157); Serra da Ra\u00edz (27); Serra Grande (10); Serra Redonda (257); Serraria (169); Sert\u00e3ozinho (218); Sobrado (180); Sol\u00e2nea (514); Soledade (157); Sossego (15),&nbsp;<strong>Sousa (1517)<\/strong>; Sum\u00e9 (247); Tacima (123); Tapero\u00e1 (81); Tavares (128); Teixeira (161); Ten\u00f3rio (26); Triunfo (64); Uira\u00fana (116); Umbuzeiro (77); V\u00e1rzea (15); Vieir\u00f3polis (7); Vista Serrana (13), Zabel\u00ea (27).<\/p>\n\n\n\n<p>*Dados oficiais preliminares (fonte: SIM, e-sus VE e SIVEP) extra\u00eddos \u00e0s 10h do dia 18\/08, sujeitos a altera\u00e7\u00e3o por parte dos munic\u00edpios.<\/p>\n\n\n\n<p>Os 20 \u00f3bitos registrados nesta ter\u00e7a-feira ocorreram entre 28 de junho e 18 de agosto, 40% deles nas \u00faltimas 24 horas.<\/p>\n\n\n\n<p>Os pacientes tinham idade entre 37 e 91 anos, sendo 07 deles com menos de 65 anos. Hipertens\u00e3o e diabetes s\u00e3o as comorbidades mais frequente. Todos eles aconteceram em hospitais p\u00fablicos.<\/p>\n\n\n\n<p>Mulher, 85 anos, residente em Patos. Comorbidade n\u00e3o informada. In\u00edcio dos sintomas em 02\/08\/2020. Foi a \u00f3bito em hospital p\u00fablico no dia 18\/08\/2020.<\/p>\n\n\n\n<p>Homem, 80 anos, residente em Santa Rita. Hipertenso, diab\u00e9tico e portador de doen\u00e7a respirat\u00f3ria. In\u00edcio dos sintomas em 02\/07\/2020. Foi a \u00f3bito em hospital p\u00fablico no dia 18\/08\/2020.<\/p>\n","protected":false},"excerpt":{"rendered":"<p>Nesta ter\u00e7a-feira, 18, a Para\u00edba registrou 1.274 novos casos de Covid-19 e 20 \u00f3bitos confirmados desde a \u00faltima atualiza\u00e7\u00e3o, 08 deles ocorridos nas \u00faltimas 24h.&hellip; <\/p>\n","protected":false},"author":2,"featured_media":184242,"comment_status":"closed","ping_status":"closed","sticky":false,"template":"","format":"standard","meta":{"sfsi_plus_gutenberg_text_before_share":"","sfsi_plus_gutenberg_show_text_before_share":"","sfsi_plus_gutenberg_icon_type":"","sfsi_plus_gutenberg_icon_alignemt":"","sfsi_plus_gutenburg_max_per_row":"","footnotes":""},"categories":[2],"tags":[],"class_list":["post-184241","post","type-post","status-publish","format-standard","has-post-thumbnail","hentry","category-geral"],"_links":{"self":[{"href":"https:\/\/www.caririemacao.com\/1\/wp-json\/wp\/v2\/posts\/184241","targetHints":{"allow":["GET"]}}],"collection":[{"href":"https:\/\/www.caririemacao.com\/1\/wp-json\/wp\/v2\/posts"}],"about":[{"href":"https:\/\/www.caririemacao.com\/1\/wp-json\/wp\/v2\/types\/post"}],"author":[{"embeddable":true,"href":"https:\/\/www.caririemacao.com\/1\/wp-json\/wp\/v2\/users\/2"}],"replies":[{"embeddable":true,"href":"https:\/\/www.caririemacao.com\/1\/wp-json\/wp\/v2\/comments?post=184241"}],"version-history":[{"count":1,"href":"https:\/\/www.caririemacao.com\/1\/wp-json\/wp\/v2\/posts\/184241\/revisions"}],"predecessor-version":[{"id":184243,"href":"https:\/\/www.caririemacao.com\/1\/wp-json\/wp\/v2\/posts\/184241\/revisions\/184243"}],"wp:featuredmedia":[{"embeddable":true,"href":"https:\/\/www.caririemacao.com\/1\/wp-json\/wp\/v2\/media\/184242"}],"wp:attachment":[{"href":"https:\/\/www.caririemacao.com\/1\/wp-json\/wp\/v2\/media?parent=184241"}],"wp:term":[{"taxonomy":"category","embeddable":true,"href":"https:\/\/www.caririemacao.com\/1\/wp-json\/wp\/v2\/categories?post=184241"},{"taxonomy":"post_tag","embeddable":true,"href":"https:\/\/www.caririemacao.com\/1\/wp-json\/wp\/v2\/tags?post=184241"}],"curies":[{"name":"wp","href":"https:\/\/api.w.org\/{rel}","templated":true}]}}