{"id":184249,"date":"2020-08-19T06:35:34","date_gmt":"2020-08-19T09:35:34","guid":{"rendered":"https:\/\/www.caririemacao.com\/1\/?p=184249"},"modified":"2020-08-19T06:35:34","modified_gmt":"2020-08-19T09:35:34","slug":"paraiba-tem-mais-beneficiarios-do-bolsa-familia-do-que-trabalhadores-com-carteira-assinada-aponta-caged","status":"publish","type":"post","link":"https:\/\/www.caririemacao.com\/1\/2020\/08\/19\/paraiba-tem-mais-beneficiarios-do-bolsa-familia-do-que-trabalhadores-com-carteira-assinada-aponta-caged\/","title":{"rendered":"Para\u00edba tem mais benefici\u00e1rios do Bolsa Fam\u00edlia do que trabalhadores com carteira assinada, aponta Caged"},"content":{"rendered":"\n<h1 class=\"wp-block-heading\"><\/h1>\n\n\n\n<p>A Para\u00edba tem mais benefici\u00e1rios do&nbsp;Bolsa Fam\u00edlia do que trabalhadores com carteira assinada, excluindo o setor p\u00fablico. Os&nbsp;dados do&nbsp;Cadastro Geral de Empregados e Desempregados (Caged) e Minist\u00e9rio do Desenvolvimento Regional mostraram que a Para\u00edba superou em 30,8%.&nbsp;Outros nove estados das regi\u00f5es Nordeste e Norte superaram essa marca.&nbsp;<\/p>\n\n\n\n<p>Dos estados Nordeste, superaram a quantidade de benefici\u00e1rios do Bolsa Fam\u00edlia,&nbsp;Bahia, Maranh\u00e3o, Para\u00edba, Piau\u00ed, Alagoas e Sergipe. Enquanto no Norte foram Par\u00e1, Amazonas, Amap\u00e1 e Acre. Somente a Para\u00edba superou em 30,8% a quantidade de pessoas beneficiadas no Programa. J\u00e1 aqueles que tiveram mais empregos formalizados em carteira assinada que est\u00e3o inseridos nessas duas regi\u00f5es foram&nbsp;Tocantins, Rond\u00f4nia e Roraima (no Norte) e Cear\u00e1, Rio Grande do Norte e Pernambuco (Nordeste).&nbsp;<\/p>\n\n\n\n<p>Conforme a pesquisa, at\u00e9 o m\u00eas de mar\u00e7o apenas oito estados tinham mais benef\u00edcios do Bolsa Fam\u00edlia do que empregos formais. No entanto, a quantidade de pessoas beneficiadas com o programa do Governo Federal ultrapassou o n\u00famero de vagas de emprego com carteira com assinada no Amazonas e em Sergipe a partir do m\u00eas de abril.&nbsp;<\/p>\n\n\n\n<p>De acordo com a Caixa Econ\u00f4mica Federal, o Bolsa Fam\u00edlia \u00e9&nbsp;um programa de transfer\u00eancia direta de renda, direcionado \u00e0s fam\u00edlias em situa\u00e7\u00e3o de pobreza e de extrema pobreza em todo o Pa\u00eds, de modo que consigam superar a situa\u00e7\u00e3o de vulnerabilidade e pobreza.<\/p>\n\n\n\n<p>O programa busca garantir a essas fam\u00edlias o direito \u00e0 alimenta\u00e7\u00e3o e o acesso \u00e0 educa\u00e7\u00e3o e \u00e0 sa\u00fade.&nbsp;Em todo o Brasil, mais de 13,9 milh\u00f5es de fam\u00edlias s\u00e3o atendidas pelo Bolsa Fam\u00edlia.<\/p>\n","protected":false},"excerpt":{"rendered":"<p>A Para\u00edba tem mais benefici\u00e1rios do&nbsp;Bolsa Fam\u00edlia do que trabalhadores com carteira assinada, excluindo o setor p\u00fablico. Os&nbsp;dados do&nbsp;Cadastro Geral de Empregados e Desempregados (Caged)&hellip; <\/p>\n","protected":false},"author":2,"featured_media":184250,"comment_status":"closed","ping_status":"closed","sticky":false,"template":"","format":"standard","meta":{"sfsi_plus_gutenberg_text_before_share":"","sfsi_plus_gutenberg_show_text_before_share":"","sfsi_plus_gutenberg_icon_type":"","sfsi_plus_gutenberg_icon_alignemt":"","sfsi_plus_gutenburg_max_per_row":"","footnotes":""},"categories":[50,2],"tags":[],"class_list":["post-184249","post","type-post","status-publish","format-standard","has-post-thumbnail","hentry","category-destaque","category-geral"],"_links":{"self":[{"href":"https:\/\/www.caririemacao.com\/1\/wp-json\/wp\/v2\/posts\/184249","targetHints":{"allow":["GET"]}}],"collection":[{"href":"https:\/\/www.caririemacao.com\/1\/wp-json\/wp\/v2\/posts"}],"about":[{"href":"https:\/\/www.caririemacao.com\/1\/wp-json\/wp\/v2\/types\/post"}],"author":[{"embeddable":true,"href":"https:\/\/www.caririemacao.com\/1\/wp-json\/wp\/v2\/users\/2"}],"replies":[{"embeddable":true,"href":"https:\/\/www.caririemacao.com\/1\/wp-json\/wp\/v2\/comments?post=184249"}],"version-history":[{"count":1,"href":"https:\/\/www.caririemacao.com\/1\/wp-json\/wp\/v2\/posts\/184249\/revisions"}],"predecessor-version":[{"id":184251,"href":"https:\/\/www.caririemacao.com\/1\/wp-json\/wp\/v2\/posts\/184249\/revisions\/184251"}],"wp:featuredmedia":[{"embeddable":true,"href":"https:\/\/www.caririemacao.com\/1\/wp-json\/wp\/v2\/media\/184250"}],"wp:attachment":[{"href":"https:\/\/www.caririemacao.com\/1\/wp-json\/wp\/v2\/media?parent=184249"}],"wp:term":[{"taxonomy":"category","embeddable":true,"href":"https:\/\/www.caririemacao.com\/1\/wp-json\/wp\/v2\/categories?post=184249"},{"taxonomy":"post_tag","embeddable":true,"href":"https:\/\/www.caririemacao.com\/1\/wp-json\/wp\/v2\/tags?post=184249"}],"curies":[{"name":"wp","href":"https:\/\/api.w.org\/{rel}","templated":true}]}}