{"id":184253,"date":"2020-08-19T06:40:46","date_gmt":"2020-08-19T09:40:46","guid":{"rendered":"https:\/\/www.caririemacao.com\/1\/?p=184253"},"modified":"2020-08-19T06:40:46","modified_gmt":"2020-08-19T09:40:46","slug":"governo-da-paraiba-aprova-incentivos-fiscais-que-vao-gerar-1-000-empregos-diretos-em-15-municipios-diz-joao-azevedo","status":"publish","type":"post","link":"https:\/\/www.caririemacao.com\/1\/2020\/08\/19\/governo-da-paraiba-aprova-incentivos-fiscais-que-vao-gerar-1-000-empregos-diretos-em-15-municipios-diz-joao-azevedo\/","title":{"rendered":"Governo da Para\u00edba aprova incentivos fiscais que v\u00e3o gerar 1.000 empregos diretos em 15 munic\u00edpios, diz Jo\u00e3o Azev\u00eado"},"content":{"rendered":"\n<h1 class=\"wp-block-heading\"><\/h1>\n\n\n\n<p>O governador Jo\u00e3o Azev\u00eado anunciou que o Governo da Para\u00edba aprovou incentivos fiscais que v\u00e3o gerar 1.000 empregos diretos em 15 munic\u00edpios na pandemia. O an\u00fancio foi feito na tarde desta ter\u00e7a-feira (18).<\/p>\n\n\n\n<p>&#8220;Aprovamos a concess\u00e3o de incentivos fiscais que v\u00e3o gerar 1.000 empregos diretos em 15 cidades da Para\u00edba, somando investimentos de mais de R$ 744 milh\u00f5es. S\u00e3o empregos distribu\u00eddos por todo Estado, que v\u00e3o ajudar a movimentar nossa economia. N\u00f3s estamos retomando as atividades dos segmentos econ\u00f4micos e queremos que a abertura de novos postos de trabalho aconte\u00e7a de forma mais positiva&#8221;, declarou Jo\u00e3o Azev\u00eado.<\/p>\n\n\n\n<p>Ainda segundo o governador, &#8220;os projetos contemplados s\u00e3o de Jo\u00e3o Pessoa, Santa Rita, Bayeux, Cabedelo, Campina Grande, Distrito de S\u00e3o Jos\u00e9 da Mata, Queimadas, Esperan\u00e7a, Coremas, Juazeirinho, Conde, S\u00e3o Domingos de Pombal, Sousa e Catol\u00e9 do Rocha. #FiqueEmCasaPB #SeSairUseM\u00e1scara&#8221;<\/p>\n","protected":false},"excerpt":{"rendered":"<p>O governador Jo\u00e3o Azev\u00eado anunciou que o Governo da Para\u00edba aprovou incentivos fiscais que v\u00e3o gerar 1.000 empregos diretos em 15 munic\u00edpios na pandemia. O&hellip; <\/p>\n","protected":false},"author":2,"featured_media":184254,"comment_status":"closed","ping_status":"closed","sticky":false,"template":"","format":"standard","meta":{"sfsi_plus_gutenberg_text_before_share":"","sfsi_plus_gutenberg_show_text_before_share":"","sfsi_plus_gutenberg_icon_type":"","sfsi_plus_gutenberg_icon_alignemt":"","sfsi_plus_gutenburg_max_per_row":"","footnotes":""},"categories":[50,11],"tags":[],"class_list":["post-184253","post","type-post","status-publish","format-standard","has-post-thumbnail","hentry","category-destaque","category-politica"],"_links":{"self":[{"href":"https:\/\/www.caririemacao.com\/1\/wp-json\/wp\/v2\/posts\/184253","targetHints":{"allow":["GET"]}}],"collection":[{"href":"https:\/\/www.caririemacao.com\/1\/wp-json\/wp\/v2\/posts"}],"about":[{"href":"https:\/\/www.caririemacao.com\/1\/wp-json\/wp\/v2\/types\/post"}],"author":[{"embeddable":true,"href":"https:\/\/www.caririemacao.com\/1\/wp-json\/wp\/v2\/users\/2"}],"replies":[{"embeddable":true,"href":"https:\/\/www.caririemacao.com\/1\/wp-json\/wp\/v2\/comments?post=184253"}],"version-history":[{"count":1,"href":"https:\/\/www.caririemacao.com\/1\/wp-json\/wp\/v2\/posts\/184253\/revisions"}],"predecessor-version":[{"id":184255,"href":"https:\/\/www.caririemacao.com\/1\/wp-json\/wp\/v2\/posts\/184253\/revisions\/184255"}],"wp:featuredmedia":[{"embeddable":true,"href":"https:\/\/www.caririemacao.com\/1\/wp-json\/wp\/v2\/media\/184254"}],"wp:attachment":[{"href":"https:\/\/www.caririemacao.com\/1\/wp-json\/wp\/v2\/media?parent=184253"}],"wp:term":[{"taxonomy":"category","embeddable":true,"href":"https:\/\/www.caririemacao.com\/1\/wp-json\/wp\/v2\/categories?post=184253"},{"taxonomy":"post_tag","embeddable":true,"href":"https:\/\/www.caririemacao.com\/1\/wp-json\/wp\/v2\/tags?post=184253"}],"curies":[{"name":"wp","href":"https:\/\/api.w.org\/{rel}","templated":true}]}}