{"id":184257,"date":"2020-08-19T06:43:43","date_gmt":"2020-08-19T09:43:43","guid":{"rendered":"https:\/\/www.caririemacao.com\/1\/?p=184257"},"modified":"2020-08-19T06:43:43","modified_gmt":"2020-08-19T09:43:43","slug":"prorrogacao-do-auxilio-emergencial-com-valor-de-r-600-e-muito-dificil-diz-maia","status":"publish","type":"post","link":"https:\/\/www.caririemacao.com\/1\/2020\/08\/19\/prorrogacao-do-auxilio-emergencial-com-valor-de-r-600-e-muito-dificil-diz-maia\/","title":{"rendered":"Prorroga\u00e7\u00e3o do aux\u00edlio emergencial com valor de R$ 600 \u00e9 muito dif\u00edcil, diz Maia"},"content":{"rendered":"\n<h1 class=\"wp-block-heading\"><\/h1>\n\n\n\n<p>&#8220;N\u00f3s [os congressistas] temos responsabilidade&#8221;, afirmou. Segundo ele, a an\u00e1lise a ser feita deve considerar o impacto da medida nas contas p\u00fablicas. Atualmente, o benef\u00edcio representa um custo superior a R$ 50 bilh\u00f5es por m\u00eas.<\/p>\n\n\n\n<p>Para o presidente da C\u00e2mara, a manuten\u00e7\u00e3o do aux\u00edlio no valor de R$ 600 pode pressionar ainda mais as contas p\u00fablicas e, com isso, acelerar a infla\u00e7\u00e3o e reduzir os investimentos no pa\u00eds.<\/p>\n\n\n\n<p>O governo estuda usar uma MP (Medida Provis\u00f3ria) para prorrogar o aux\u00edlio emergencial com valor abaixo dos atuais R$ 600.<\/p>\n\n\n\n<p>O ministro Paulo Guedes (Economia) sempre defendeu um valor de R$ 200 porque essa \u00e9 a m\u00e9dia aproximada do pagamento do Bolsa Fam\u00edlia, mas auxiliares do governo contam com parcelas de R$ 300 e a possibilidade dos pagamentos at\u00e9 dezembro.<\/p>\n\n\n\n<p>Inicialmente, a ideia era que, em setembro, j\u00e1 come\u00e7asse a funcionar um novo programa social, a ser criado a partir da reformula\u00e7\u00e3o do Bolsa Fam\u00edlia. O nome deve ser Renda Brasil.<\/p>\n\n\n\n<p>Maia disse que, antes de o governo definir um valor para os benefici\u00e1rios do novo programa social, deve ser feita uma sondagem para saber a disposi\u00e7\u00e3o do Congresso em alterar outros gastos sociais, como abono salarial, para destinar mais verba para o Renda Brasil.<\/p>\n\n\n\n<p>O abono salarial \u00e9 uma esp\u00e9cie de 14\u00ba sal\u00e1rio pago pelo governo a trabalhadores formais. Mas para aprovar mudan\u00e7as nesse benef\u00edcio \u00e9 necess\u00e1ria uma PEC (Proposta de Emenda \u00e0 Constitui\u00e7\u00e3o), que tem tramita\u00e7\u00e3o mais lenta e depende de apoio de 60% da C\u00e2mara e do Senado.<\/p>\n\n\n\n<p>O presidente da C\u00e2mara afirmou que a iniciativa mais urgente \u00e9 a regulamenta\u00e7\u00e3o de gatilhos (medidas tempor\u00e1rias) a serem acionados em caso de forte press\u00e3o do teto de gastos, regra constitucional que limite o crescimento das despesas p\u00fablicas.<\/p>\n\n\n\n<p>Diferentes alas do governo t\u00eam travado um embate sobre a preserva\u00e7\u00e3o do teto de gastos em 2020. Uma hip\u00f3tese foi a abertura de cr\u00e9dito extraordin\u00e1rio (que fica fora da limita\u00e7\u00e3o da regra) para bancar obras p\u00fablicas no valor de R$ 5 bilh\u00f5es.<\/p>\n\n\n\n<p>Mas Maia considera essa medida inconstitucional, pois esse dispositivo (cr\u00e9dito extraordin\u00e1rio) s\u00f3 pode ser usado para despesas diretamente ligadas \u00e0 pandemia e \u00e0 calamidade p\u00fablica provocada pela Covid-19.<\/p>\n\n\n\n<p>&#8220;O governo tem, e eu pedi \u00e0 Consultoria da C\u00e2mara para fazer esse c\u00e1lculo, tem espa\u00e7o no Or\u00e7amento prim\u00e1rio para cancelar algumas rubricas e criar outras para investimento. Eu n\u00e3o sou contra que se crie o espa\u00e7o para o investimento, mas dentro do Or\u00e7amento prim\u00e1rio de 2020&#8221;, declarou.<\/p>\n","protected":false},"excerpt":{"rendered":"<p>&#8220;N\u00f3s [os congressistas] temos responsabilidade&#8221;, afirmou. Segundo ele, a an\u00e1lise a ser feita deve considerar o impacto da medida nas contas p\u00fablicas. Atualmente, o benef\u00edcio&hellip; <\/p>\n","protected":false},"author":2,"featured_media":184258,"comment_status":"closed","ping_status":"closed","sticky":false,"template":"","format":"standard","meta":{"sfsi_plus_gutenberg_text_before_share":"","sfsi_plus_gutenberg_show_text_before_share":"","sfsi_plus_gutenberg_icon_type":"","sfsi_plus_gutenberg_icon_alignemt":"","sfsi_plus_gutenburg_max_per_row":"","footnotes":""},"categories":[50,2],"tags":[],"class_list":["post-184257","post","type-post","status-publish","format-standard","has-post-thumbnail","hentry","category-destaque","category-geral"],"_links":{"self":[{"href":"https:\/\/www.caririemacao.com\/1\/wp-json\/wp\/v2\/posts\/184257","targetHints":{"allow":["GET"]}}],"collection":[{"href":"https:\/\/www.caririemacao.com\/1\/wp-json\/wp\/v2\/posts"}],"about":[{"href":"https:\/\/www.caririemacao.com\/1\/wp-json\/wp\/v2\/types\/post"}],"author":[{"embeddable":true,"href":"https:\/\/www.caririemacao.com\/1\/wp-json\/wp\/v2\/users\/2"}],"replies":[{"embeddable":true,"href":"https:\/\/www.caririemacao.com\/1\/wp-json\/wp\/v2\/comments?post=184257"}],"version-history":[{"count":1,"href":"https:\/\/www.caririemacao.com\/1\/wp-json\/wp\/v2\/posts\/184257\/revisions"}],"predecessor-version":[{"id":184259,"href":"https:\/\/www.caririemacao.com\/1\/wp-json\/wp\/v2\/posts\/184257\/revisions\/184259"}],"wp:featuredmedia":[{"embeddable":true,"href":"https:\/\/www.caririemacao.com\/1\/wp-json\/wp\/v2\/media\/184258"}],"wp:attachment":[{"href":"https:\/\/www.caririemacao.com\/1\/wp-json\/wp\/v2\/media?parent=184257"}],"wp:term":[{"taxonomy":"category","embeddable":true,"href":"https:\/\/www.caririemacao.com\/1\/wp-json\/wp\/v2\/categories?post=184257"},{"taxonomy":"post_tag","embeddable":true,"href":"https:\/\/www.caririemacao.com\/1\/wp-json\/wp\/v2\/tags?post=184257"}],"curies":[{"name":"wp","href":"https:\/\/api.w.org\/{rel}","templated":true}]}}