{"id":184261,"date":"2020-08-19T06:48:04","date_gmt":"2020-08-19T09:48:04","guid":{"rendered":"https:\/\/www.caririemacao.com\/1\/?p=184261"},"modified":"2020-08-19T06:48:04","modified_gmt":"2020-08-19T09:48:04","slug":"retidos-pela-prf-na-paraiba-ocorrera-na-proxima-semana-de-forma-virtual","status":"publish","type":"post","link":"https:\/\/www.caririemacao.com\/1\/2020\/08\/19\/retidos-pela-prf-na-paraiba-ocorrera-na-proxima-semana-de-forma-virtual\/","title":{"rendered":"retidos pela PRF, na Para\u00edba, ocorrer\u00e1 na pr\u00f3xima semana de forma virtual"},"content":{"rendered":"\n<h1 class=\"wp-block-heading\"><\/h1>\n\n\n\n<p>A Pol\u00edcia Rodovi\u00e1ria Federal realizar\u00e1, na quarta-feira (26), um leil\u00e3o de ve\u00edculos que foram retidos em fiscaliza\u00e7\u00f5es ou abandonados e removidos para os p\u00e1tios conveniados com a PRF no sert\u00e3o da Para\u00edba e n\u00e3o foram retirados pelos propriet\u00e1rios. O leil\u00e3o ocorrer\u00e1 exclusivamente na modalidade eletr\u00f4nica.<\/p>\n\n\n\n<p>Os ve\u00edculos apreendidos pela PRF possuem o prazo de at\u00e9 60 dias para serem retirados dos p\u00e1tios pelos propriet\u00e1rios ou pela pessoa que conduzia o ve\u00edculo no momento da fiscaliza\u00e7\u00e3o antes de serem leiloados. Ap\u00f3s esse prazo, a PRF poder\u00e1 leiloar os ve\u00edculos e com os valores arrecadados pagar as d\u00edvidas de guincho, p\u00e1tio e demais tributos existentes.<\/p>\n\n\n\n<p>Neste leil\u00e3o estar\u00e3o dispon\u00edveis para serem arrematados 647 ve\u00edculos, entre autom\u00f3veis, motocicletas e caminh\u00e3o, classificados como conservados, aqueles que possuem condi\u00e7\u00f5es de trafegar, e como sucatas, aqueles que n\u00e3o possuem condi\u00e7\u00f5es de voltar a circular mas que suas pe\u00e7as poder\u00e3o ser reaproveit\u00e1veis.<\/p>\n\n\n\n<p>Em virtude da pandemia ocasionada pela COVID-19, o leil\u00e3o ocorrer\u00e1 no pr\u00f3ximo dia 26 de agosto, quarta-feira, exclusivamente na modalidade eletr\u00f4nica, por meio da plataforma digital www.leiloespb.com.br, em sess\u00e3o p\u00fablica, a partir das 9:00 horas. Os lances j\u00e1 podem ser realizados atrav\u00e9s do endere\u00e7o eletr\u00f4nico.<\/p>\n\n\n\n<p>Os interessados em participar poder\u00e3o analisar presencialmente os ve\u00edculos a serem leiloados mediante pr\u00e9vio agendamento, com anteced\u00eancia m\u00ednima de 48 horas, a partir do dia 19\/08 at\u00e9 o dia 25\/08, em dias \u00fateis, nos hor\u00e1rios de 8:00 \u00e0s 11:30 e de 14:00 \u00e0s 16:30. Ser\u00e3o adotadas medidas de controle de acesso \u00e0s depend\u00eancias dos p\u00e1tios.<\/p>\n\n\n\n<figure class=\"wp-block-image\"><img decoding=\"async\" data-src=\"https:\/\/www.clickpb.com.br\/media\/filer_public\/77\/98\/77980223-a15a-462c-bce2-b7946fb795ba\/leilao_motos.jpeg\" alt=\"\" src=\"data:image\/svg+xml;base64,PHN2ZyB3aWR0aD0iMSIgaGVpZ2h0PSIxIiB4bWxucz0iaHR0cDovL3d3dy53My5vcmcvMjAwMC9zdmciPjwvc3ZnPg==\" class=\"lazyload\" \/><\/figure>\n\n\n\n<p>Contatos para agendamento de visita\u00e7\u00e3o:<\/p>\n\n\n\n<p>P\u00e1tio da TRANSGUARD \u2013 PATOS, endere\u00e7o eletr\u00f4nico: patos@transguard.com.br, telefone: (83) 99606-5757 (celular e whatsapp);<\/p>\n\n\n\n<p>P\u00e1tio da TRANSGUARD &#8211; CAJAZEIRAS, endere\u00e7o eletr\u00f4nico: cajazeiras@transguard.com.br, telefone (83) 3531-4985 (fixo e whatsapp).<\/p>\n","protected":false},"excerpt":{"rendered":"<p>A Pol\u00edcia Rodovi\u00e1ria Federal realizar\u00e1, na quarta-feira (26), um leil\u00e3o de ve\u00edculos que foram retidos em fiscaliza\u00e7\u00f5es ou abandonados e removidos para os p\u00e1tios conveniados&hellip; <\/p>\n","protected":false},"author":2,"featured_media":184262,"comment_status":"closed","ping_status":"closed","sticky":false,"template":"","format":"standard","meta":{"sfsi_plus_gutenberg_text_before_share":"","sfsi_plus_gutenberg_show_text_before_share":"","sfsi_plus_gutenberg_icon_type":"","sfsi_plus_gutenberg_icon_alignemt":"","sfsi_plus_gutenburg_max_per_row":"","footnotes":""},"categories":[50,12],"tags":[],"class_list":["post-184261","post","type-post","status-publish","format-standard","has-post-thumbnail","hentry","category-destaque","category-policia"],"_links":{"self":[{"href":"https:\/\/www.caririemacao.com\/1\/wp-json\/wp\/v2\/posts\/184261","targetHints":{"allow":["GET"]}}],"collection":[{"href":"https:\/\/www.caririemacao.com\/1\/wp-json\/wp\/v2\/posts"}],"about":[{"href":"https:\/\/www.caririemacao.com\/1\/wp-json\/wp\/v2\/types\/post"}],"author":[{"embeddable":true,"href":"https:\/\/www.caririemacao.com\/1\/wp-json\/wp\/v2\/users\/2"}],"replies":[{"embeddable":true,"href":"https:\/\/www.caririemacao.com\/1\/wp-json\/wp\/v2\/comments?post=184261"}],"version-history":[{"count":1,"href":"https:\/\/www.caririemacao.com\/1\/wp-json\/wp\/v2\/posts\/184261\/revisions"}],"predecessor-version":[{"id":184263,"href":"https:\/\/www.caririemacao.com\/1\/wp-json\/wp\/v2\/posts\/184261\/revisions\/184263"}],"wp:featuredmedia":[{"embeddable":true,"href":"https:\/\/www.caririemacao.com\/1\/wp-json\/wp\/v2\/media\/184262"}],"wp:attachment":[{"href":"https:\/\/www.caririemacao.com\/1\/wp-json\/wp\/v2\/media?parent=184261"}],"wp:term":[{"taxonomy":"category","embeddable":true,"href":"https:\/\/www.caririemacao.com\/1\/wp-json\/wp\/v2\/categories?post=184261"},{"taxonomy":"post_tag","embeddable":true,"href":"https:\/\/www.caririemacao.com\/1\/wp-json\/wp\/v2\/tags?post=184261"}],"curies":[{"name":"wp","href":"https:\/\/api.w.org\/{rel}","templated":true}]}}