{"id":184265,"date":"2020-08-19T07:33:06","date_gmt":"2020-08-19T10:33:06","guid":{"rendered":"https:\/\/www.caririemacao.com\/1\/?p=184265"},"modified":"2020-08-19T07:33:06","modified_gmt":"2020-08-19T10:33:06","slug":"um-em-cada-16-pacientes-da-covid-19-desenvolve-doenca-mental-ate-tres-meses-apos-a-infeccao-aponta-estudo","status":"publish","type":"post","link":"https:\/\/www.caririemacao.com\/1\/2020\/08\/19\/um-em-cada-16-pacientes-da-covid-19-desenvolve-doenca-mental-ate-tres-meses-apos-a-infeccao-aponta-estudo\/","title":{"rendered":"Um em cada 16 pacientes da Covid-19 desenvolve doen\u00e7a mental at\u00e9 tr\u00eas meses ap\u00f3s a infec\u00e7\u00e3o, aponta estudo"},"content":{"rendered":"\n<h1 class=\"wp-block-heading\"><\/h1>\n\n\n\n<p>Um em cada 16 paciente com Covid-19 que nunca teve uma doen\u00e7a mental ser\u00e1 diagnosticado com algum transtorno desse tipo dentro de tr\u00eas meses ap\u00f3s a infec\u00e7\u00e3o. O risco \u00e9 duas vezes maior para os que precisaram ser hospitalizados.<\/p>\n\n\n\n<p>A conclus\u00e3o \u00e9 de um estudo da Universidade de Oxford, na Inglaterra, publicado na plataforma cient\u00edfica MedRxiv no domingo (16).<\/p>\n\n\n\n<p>&#8220;Os mais comuns foram os transtornos de ansiedade, mas depress\u00e3o, ins\u00f4nia e, raramente, dem\u00eancia, tamb\u00e9m ocorreram&#8221;, disse \u00e0 Reuters o coordenador da pesquisa brit\u00e2nica, Maxime Taquet.<\/p>\n\n\n\n<p>&#8220;Se voc\u00ea sentir ansiedade, mau humor, ins\u00f4nia ou perda de mem\u00f3ria ap\u00f3s a Covid-19, voc\u00ea deve consultar um m\u00e9dico. Pode haver maneiras de melhorar esses sintomas&#8221;, afirmou o pesquisador.<\/p>\n\n\n\n<p>O estudo tamb\u00e9m encontrou, dentro do grupo analisado, taxas da Covid-19 acima da m\u00e9dia em pessoas com diagn\u00f3stico psiqui\u00e1trico pr\u00e9vio.<\/p>\n\n\n\n<p>Mais de 62 mil pessoas que se recuperaram do coronav\u00edrus participaram da pesquisa, que ainda n\u00e3o passou por revis\u00e3o de pares.<\/p>\n\n\n\n<p>Em julho, um estudo da University College London (UCL) publicado na revista cient\u00edfica Brain analisou 43 pacientes da Covid-19 que apresentaram complica\u00e7\u00f5es neurol\u00f3gicas graves ap\u00f3s a infec\u00e7\u00e3o, como del\u00edrio, tremores, psicose, al\u00e9m de danos ao c\u00e9rebro em alguns casos, como derrame.<\/p>\n\n\n\n<p><strong>Sequelas do coronav\u00edrus<\/strong><\/p>\n\n\n\n<p>Apesar de ser uma doen\u00e7a nova e com muitos efeitos ainda desconhecidos, j\u00e1 se sabe que, al\u00e9m de danos nos pulm\u00f5es, o Sars-CoV-2 pode afetar o cora\u00e7\u00e3o, os rins, o intestino, o sistema vascular e o c\u00e9rebro.<\/p>\n\n\n\n<p>No que diz respeito ao c\u00e9rebro, mais de 300 estudos, segundo a BBC, j\u00e1 associaram a infec\u00e7\u00e3o da Covid-19 com o desenvolvimento de transtornos mentais que v\u00e3o desde sintomas leves \u2014 como dores de cabe\u00e7a, perda de olfato (anosmia) e sensa\u00e7\u00f5es de formigamento \u2014 \u00e0 graves \u2014 como afasia (incapacidade de falar), derrames e convuls\u00f5es.<\/p>\n","protected":false},"excerpt":{"rendered":"<p>Um em cada 16 paciente com Covid-19 que nunca teve uma doen\u00e7a mental ser\u00e1 diagnosticado com algum transtorno desse tipo dentro de tr\u00eas meses ap\u00f3s&hellip; <\/p>\n","protected":false},"author":2,"featured_media":184266,"comment_status":"closed","ping_status":"closed","sticky":false,"template":"","format":"standard","meta":{"sfsi_plus_gutenberg_text_before_share":"","sfsi_plus_gutenberg_show_text_before_share":"","sfsi_plus_gutenberg_icon_type":"","sfsi_plus_gutenberg_icon_alignemt":"","sfsi_plus_gutenburg_max_per_row":"","footnotes":""},"categories":[50,2],"tags":[],"class_list":["post-184265","post","type-post","status-publish","format-standard","has-post-thumbnail","hentry","category-destaque","category-geral"],"_links":{"self":[{"href":"https:\/\/www.caririemacao.com\/1\/wp-json\/wp\/v2\/posts\/184265","targetHints":{"allow":["GET"]}}],"collection":[{"href":"https:\/\/www.caririemacao.com\/1\/wp-json\/wp\/v2\/posts"}],"about":[{"href":"https:\/\/www.caririemacao.com\/1\/wp-json\/wp\/v2\/types\/post"}],"author":[{"embeddable":true,"href":"https:\/\/www.caririemacao.com\/1\/wp-json\/wp\/v2\/users\/2"}],"replies":[{"embeddable":true,"href":"https:\/\/www.caririemacao.com\/1\/wp-json\/wp\/v2\/comments?post=184265"}],"version-history":[{"count":1,"href":"https:\/\/www.caririemacao.com\/1\/wp-json\/wp\/v2\/posts\/184265\/revisions"}],"predecessor-version":[{"id":184267,"href":"https:\/\/www.caririemacao.com\/1\/wp-json\/wp\/v2\/posts\/184265\/revisions\/184267"}],"wp:featuredmedia":[{"embeddable":true,"href":"https:\/\/www.caririemacao.com\/1\/wp-json\/wp\/v2\/media\/184266"}],"wp:attachment":[{"href":"https:\/\/www.caririemacao.com\/1\/wp-json\/wp\/v2\/media?parent=184265"}],"wp:term":[{"taxonomy":"category","embeddable":true,"href":"https:\/\/www.caririemacao.com\/1\/wp-json\/wp\/v2\/categories?post=184265"},{"taxonomy":"post_tag","embeddable":true,"href":"https:\/\/www.caririemacao.com\/1\/wp-json\/wp\/v2\/tags?post=184265"}],"curies":[{"name":"wp","href":"https:\/\/api.w.org\/{rel}","templated":true}]}}