{"id":184269,"date":"2020-08-19T07:35:23","date_gmt":"2020-08-19T10:35:23","guid":{"rendered":"https:\/\/www.caririemacao.com\/1\/?p=184269"},"modified":"2020-08-19T07:35:23","modified_gmt":"2020-08-19T10:35:23","slug":"drone-carregado-com-droga-e-derrubado-pela-policia-no-presidio-do-roger","status":"publish","type":"post","link":"https:\/\/www.caririemacao.com\/1\/2020\/08\/19\/drone-carregado-com-droga-e-derrubado-pela-policia-no-presidio-do-roger\/","title":{"rendered":"Drone carregado com droga \u00e9 derrubado pela pol\u00edcia no Pres\u00eddio do Roger"},"content":{"rendered":"\n<h3 class=\"wp-block-heading\"><\/h3>\n\n\n\n<p><ins><\/ins><\/p>\n\n\n\n<p>Policiais penais interceptaram e apreenderam na madrugada desta ter\u00e7a-feira (18) um drone com cerca de meio quilo de maconha. O secret\u00e1rio S\u00e9rgio Fonseca parabenizou a atua\u00e7\u00e3o eficaz dos policiais penais.<\/p>\n\n\n\n<p>A a\u00e7\u00e3o vigilante dos plantonistas da Penitenci\u00e1ria Desembargador Fl\u00f3sculo da N\u00f3brega (Pres\u00eddio do Roger), aconteceu em dois momentos. Por volta das 02h a equipe conseguiu interceptar a droga lan\u00e7ada pelo equipamento. \u00c0s 2h30 o drone voltou com mais um pacote de droga e nessa ocasi\u00e3o foi abatido por um policial penal que disparou tiro de espingarda calibre 12.<\/p>\n\n\n\n<p>O diretor do pres\u00eddio Edmilson Alves, afirmou que o efetivo da unidade estava monitorando o drone h\u00e1 alguns dias com tentativas de arremesso de objetos e hoje conseguiu abat\u00ea-lo. A Ger\u00eancia de Intelig\u00eancia e Seguran\u00e7a Org\u00e2nica Penitenci\u00e1ria (Gisop), est\u00e1 investigando para detectar os poss\u00edveis receptores da droga.<\/p>\n","protected":false},"excerpt":{"rendered":"<p>Policiais penais interceptaram e apreenderam na madrugada desta ter\u00e7a-feira (18) um drone com cerca de meio quilo de maconha. O secret\u00e1rio S\u00e9rgio Fonseca parabenizou a&hellip; <\/p>\n","protected":false},"author":2,"featured_media":184270,"comment_status":"closed","ping_status":"closed","sticky":false,"template":"","format":"standard","meta":{"sfsi_plus_gutenberg_text_before_share":"","sfsi_plus_gutenberg_show_text_before_share":"","sfsi_plus_gutenberg_icon_type":"","sfsi_plus_gutenberg_icon_alignemt":"","sfsi_plus_gutenburg_max_per_row":"","footnotes":""},"categories":[2],"tags":[],"class_list":["post-184269","post","type-post","status-publish","format-standard","has-post-thumbnail","hentry","category-geral"],"_links":{"self":[{"href":"https:\/\/www.caririemacao.com\/1\/wp-json\/wp\/v2\/posts\/184269","targetHints":{"allow":["GET"]}}],"collection":[{"href":"https:\/\/www.caririemacao.com\/1\/wp-json\/wp\/v2\/posts"}],"about":[{"href":"https:\/\/www.caririemacao.com\/1\/wp-json\/wp\/v2\/types\/post"}],"author":[{"embeddable":true,"href":"https:\/\/www.caririemacao.com\/1\/wp-json\/wp\/v2\/users\/2"}],"replies":[{"embeddable":true,"href":"https:\/\/www.caririemacao.com\/1\/wp-json\/wp\/v2\/comments?post=184269"}],"version-history":[{"count":1,"href":"https:\/\/www.caririemacao.com\/1\/wp-json\/wp\/v2\/posts\/184269\/revisions"}],"predecessor-version":[{"id":184271,"href":"https:\/\/www.caririemacao.com\/1\/wp-json\/wp\/v2\/posts\/184269\/revisions\/184271"}],"wp:featuredmedia":[{"embeddable":true,"href":"https:\/\/www.caririemacao.com\/1\/wp-json\/wp\/v2\/media\/184270"}],"wp:attachment":[{"href":"https:\/\/www.caririemacao.com\/1\/wp-json\/wp\/v2\/media?parent=184269"}],"wp:term":[{"taxonomy":"category","embeddable":true,"href":"https:\/\/www.caririemacao.com\/1\/wp-json\/wp\/v2\/categories?post=184269"},{"taxonomy":"post_tag","embeddable":true,"href":"https:\/\/www.caririemacao.com\/1\/wp-json\/wp\/v2\/tags?post=184269"}],"curies":[{"name":"wp","href":"https:\/\/api.w.org\/{rel}","templated":true}]}}