{"id":184273,"date":"2020-08-19T07:46:14","date_gmt":"2020-08-19T10:46:14","guid":{"rendered":"https:\/\/www.caririemacao.com\/1\/?p=184273"},"modified":"2020-08-19T07:46:14","modified_gmt":"2020-08-19T10:46:14","slug":"paraiba-investiga-5-casos-de-sindrome-em-criancas-que-estaria-ligada-a-covid-19","status":"publish","type":"post","link":"https:\/\/www.caririemacao.com\/1\/2020\/08\/19\/paraiba-investiga-5-casos-de-sindrome-em-criancas-que-estaria-ligada-a-covid-19\/","title":{"rendered":"Para\u00edba investiga 5 casos de s\u00edndrome em crian\u00e7as que estaria ligada \u00e0 Covid-19"},"content":{"rendered":"\n<h3 class=\"wp-block-heading\"><\/h3>\n\n\n\n<hr class=\"wp-block-separator\"\/>\n\n\n\n<p>O secret\u00e1rio executivo de Gest\u00e3o da Rede de Unidades de Sa\u00fade, Daniel Beltrami, revelou nesta ter\u00e7a-feira (18) que a Secretaria de Sa\u00fade investiga 5 casos de S\u00edndrome inflamat\u00f3ria multissist\u00eamica pedi\u00e1trica, doen\u00e7a que estaria ligada \u00e0 Covid-19 e acomete crian\u00e7as.<\/p>\n\n\n\n<p>\u201cO mundo tem acompanhado a suspeita que essa s\u00edndrome tenha acontecido em decorr\u00eancia da Covid desde maio. Temos na Para\u00edba 5 casos em investiga\u00e7\u00e3o e estamos fazendo busca ativa de crian\u00e7as internadas e que estiveram no Sistema de Sa\u00fade do Estado tivesse\u201d, disse.<\/p>\n\n\n\n<p>Beltrami falou sobre os sintomas da s\u00edndrome e contou que h\u00e1 possibilidade de agravamento nos casos.<\/p>\n\n\n\n<p>\u201cDias depois de uma gripe pode surgir dor abdominal, febre, vermelh\u00e3o na boca e no fundo da garganta, l\u00edngua vermelha como framboesa, vermelh\u00e3o na palma das m\u00e3os e eventualmente conjuntivite. Quadro pode melhorar ou agravar, podendo acometer o c\u00e9rebro, rins ou pulm\u00f5es\u201d, disse.<\/p>\n","protected":false},"excerpt":{"rendered":"<p>O secret\u00e1rio executivo de Gest\u00e3o da Rede de Unidades de Sa\u00fade, Daniel Beltrami, revelou nesta ter\u00e7a-feira (18) que a Secretaria de Sa\u00fade investiga 5 casos&hellip; <\/p>\n","protected":false},"author":2,"featured_media":184274,"comment_status":"closed","ping_status":"closed","sticky":false,"template":"","format":"standard","meta":{"sfsi_plus_gutenberg_text_before_share":"","sfsi_plus_gutenberg_show_text_before_share":"","sfsi_plus_gutenberg_icon_type":"","sfsi_plus_gutenberg_icon_alignemt":"","sfsi_plus_gutenburg_max_per_row":"","footnotes":""},"categories":[2],"tags":[],"class_list":["post-184273","post","type-post","status-publish","format-standard","has-post-thumbnail","hentry","category-geral"],"_links":{"self":[{"href":"https:\/\/www.caririemacao.com\/1\/wp-json\/wp\/v2\/posts\/184273","targetHints":{"allow":["GET"]}}],"collection":[{"href":"https:\/\/www.caririemacao.com\/1\/wp-json\/wp\/v2\/posts"}],"about":[{"href":"https:\/\/www.caririemacao.com\/1\/wp-json\/wp\/v2\/types\/post"}],"author":[{"embeddable":true,"href":"https:\/\/www.caririemacao.com\/1\/wp-json\/wp\/v2\/users\/2"}],"replies":[{"embeddable":true,"href":"https:\/\/www.caririemacao.com\/1\/wp-json\/wp\/v2\/comments?post=184273"}],"version-history":[{"count":1,"href":"https:\/\/www.caririemacao.com\/1\/wp-json\/wp\/v2\/posts\/184273\/revisions"}],"predecessor-version":[{"id":184275,"href":"https:\/\/www.caririemacao.com\/1\/wp-json\/wp\/v2\/posts\/184273\/revisions\/184275"}],"wp:featuredmedia":[{"embeddable":true,"href":"https:\/\/www.caririemacao.com\/1\/wp-json\/wp\/v2\/media\/184274"}],"wp:attachment":[{"href":"https:\/\/www.caririemacao.com\/1\/wp-json\/wp\/v2\/media?parent=184273"}],"wp:term":[{"taxonomy":"category","embeddable":true,"href":"https:\/\/www.caririemacao.com\/1\/wp-json\/wp\/v2\/categories?post=184273"},{"taxonomy":"post_tag","embeddable":true,"href":"https:\/\/www.caririemacao.com\/1\/wp-json\/wp\/v2\/tags?post=184273"}],"curies":[{"name":"wp","href":"https:\/\/api.w.org\/{rel}","templated":true}]}}