{"id":184277,"date":"2020-08-19T07:48:23","date_gmt":"2020-08-19T10:48:23","guid":{"rendered":"https:\/\/www.caririemacao.com\/1\/?p=184277"},"modified":"2020-08-19T07:48:23","modified_gmt":"2020-08-19T10:48:23","slug":"preso-por-estupro-tio-da-crianca-violentada-solicita-teste-de-dna-do-avo-e-de-outro-tio","status":"publish","type":"post","link":"https:\/\/www.caririemacao.com\/1\/2020\/08\/19\/preso-por-estupro-tio-da-crianca-violentada-solicita-teste-de-dna-do-avo-e-de-outro-tio\/","title":{"rendered":"Preso por estupro, tio da crian\u00e7a violentada solicita teste de DNA do av\u00f4 e de outro tio"},"content":{"rendered":"\n<h3 class=\"wp-block-heading\"><\/h3>\n\n\n\n<hr class=\"wp-block-separator\"\/>\n\n\n\n<p>O homem acusado de estuprar uma menina de 10 anos em S\u00e3o Mateus (ES), foi preso na madrugada desta ter\u00e7a-feira (18) em Betim (MG) e confessou \u201cinformalmente\u201d o crime. Ele est\u00e1 est\u00e1 a caminho de Vit\u00f3ria, i<a href=\"https:\/\/oglobo.globo.com\/sociedade\/tio-acusado-de-estuprar-menina-de-10-anos-no-es-confessou-crime-informalmente-diz-policia-24592261\" target=\"_blank\" rel=\"noreferrer noopener\">nformou&nbsp;<\/a>reportagem do jornal O Globo.<\/p>\n\n\n\n<p>Segundo a reportagem, a pol\u00edcia tamb\u00e9m confirmou a veracidade de um v\u00eddeo que circula nas redes sociais no qual o acusado, que ser\u00e1 indiciado por estupro com agravamento da pena pela gravidez, pede que o material gen\u00e9tico do feto, colhido pela Pol\u00edcia Cient\u00edfica de Pernambuco na \u00faltima segunda-feira, tamb\u00e9m seja comparado com o DNA do av\u00f4 da menina e de um outro tio, que morariam na mesma casa.<\/p>\n\n\n\n<p>A v\u00edtima passou por um procedimento de ruptura da gravidez no \u00faltimo domingo (16) ap\u00f3s autoriza\u00e7\u00e3o judicial, em Pernambuco. No hospital, um grupo extremista crist\u00e3o, contr\u00e1rio ao m\u00e9todo de interrup\u00e7\u00e3o, tentou impedir a a\u00e7\u00e3o sem sucesso.<\/p>\n","protected":false},"excerpt":{"rendered":"<p>O homem acusado de estuprar uma menina de 10 anos em S\u00e3o Mateus (ES), foi preso na madrugada desta ter\u00e7a-feira (18) em Betim (MG) e&hellip; <\/p>\n","protected":false},"author":2,"featured_media":184278,"comment_status":"closed","ping_status":"closed","sticky":false,"template":"","format":"standard","meta":{"sfsi_plus_gutenberg_text_before_share":"","sfsi_plus_gutenberg_show_text_before_share":"","sfsi_plus_gutenberg_icon_type":"","sfsi_plus_gutenberg_icon_alignemt":"","sfsi_plus_gutenburg_max_per_row":"","footnotes":""},"categories":[12],"tags":[],"class_list":["post-184277","post","type-post","status-publish","format-standard","has-post-thumbnail","hentry","category-policia"],"_links":{"self":[{"href":"https:\/\/www.caririemacao.com\/1\/wp-json\/wp\/v2\/posts\/184277","targetHints":{"allow":["GET"]}}],"collection":[{"href":"https:\/\/www.caririemacao.com\/1\/wp-json\/wp\/v2\/posts"}],"about":[{"href":"https:\/\/www.caririemacao.com\/1\/wp-json\/wp\/v2\/types\/post"}],"author":[{"embeddable":true,"href":"https:\/\/www.caririemacao.com\/1\/wp-json\/wp\/v2\/users\/2"}],"replies":[{"embeddable":true,"href":"https:\/\/www.caririemacao.com\/1\/wp-json\/wp\/v2\/comments?post=184277"}],"version-history":[{"count":1,"href":"https:\/\/www.caririemacao.com\/1\/wp-json\/wp\/v2\/posts\/184277\/revisions"}],"predecessor-version":[{"id":184279,"href":"https:\/\/www.caririemacao.com\/1\/wp-json\/wp\/v2\/posts\/184277\/revisions\/184279"}],"wp:featuredmedia":[{"embeddable":true,"href":"https:\/\/www.caririemacao.com\/1\/wp-json\/wp\/v2\/media\/184278"}],"wp:attachment":[{"href":"https:\/\/www.caririemacao.com\/1\/wp-json\/wp\/v2\/media?parent=184277"}],"wp:term":[{"taxonomy":"category","embeddable":true,"href":"https:\/\/www.caririemacao.com\/1\/wp-json\/wp\/v2\/categories?post=184277"},{"taxonomy":"post_tag","embeddable":true,"href":"https:\/\/www.caririemacao.com\/1\/wp-json\/wp\/v2\/tags?post=184277"}],"curies":[{"name":"wp","href":"https:\/\/api.w.org\/{rel}","templated":true}]}}