{"id":184281,"date":"2020-08-19T08:02:23","date_gmt":"2020-08-19T11:02:23","guid":{"rendered":"https:\/\/www.caririemacao.com\/1\/?p=184281"},"modified":"2020-08-19T08:02:23","modified_gmt":"2020-08-19T11:02:23","slug":"alunos-de-universidades-federais-vao-receber-internet-para-aulas-remotas-afirma-mec","status":"publish","type":"post","link":"https:\/\/www.caririemacao.com\/1\/2020\/08\/19\/alunos-de-universidades-federais-vao-receber-internet-para-aulas-remotas-afirma-mec\/","title":{"rendered":"Alunos de universidades federais v\u00e3o receber internet para aulas remotas, afirma MEC"},"content":{"rendered":"\n<h3 class=\"wp-block-heading\"><\/h3>\n\n\n\n<hr class=\"wp-block-separator\"\/>\n\n\n\n<p>O Minist\u00e9rio da Educa\u00e7\u00e3o (MEC) vai disponibilizar internet para cerca de 400 mil estudantes do&nbsp;<a href=\"https:\/\/www.educamaisbrasil.com.br\/graduacao\/?p=wscom\">ensino superior<\/a>&nbsp;da rede federal de ensino. A sele\u00e7\u00e3o ser\u00e1 com base na renda per capta. O benef\u00edcio ser\u00e1 dado a alunos com renda familiar inferior a meio sal\u00e1rio m\u00ednimo. O an\u00fancio foi feito nessa segunda-feira (17), pelo pr\u00f3prio Minist\u00e9rio.&nbsp;<\/p>\n\n\n\n<p>A iniciativa visa facilitar o acesso desses estudantes \u00e0s&nbsp;<a href=\"https:\/\/www.educamaisbrasil.com.br\/bolsas-de-estudo-ead-covid-19\/?p=wscom\">aulas remotas<\/a>&nbsp;durante o per\u00edodo de pandemia. De acordo com o MEC, b\u00f4nus de dados m\u00f3veis ser\u00e3o disponibilizados e gerenciados pelas institui\u00e7\u00f5es de ensino. Os cr\u00e9ditos, de 10 gigabytes a 40 gigabytes, ter\u00e3o validade de 90 dias. A pasta tamb\u00e9m anunciou outra possibilidade que \u00e9 o fornecimento de pacotes de dados m\u00f3veis por meio de chips pr\u00e9-pagos, que ter\u00e3o validade de 30 dias e cr\u00e9ditos de dados que variam de 5 gigabytes a 40 gigabytes.<\/p>\n\n\n\n<p>A inten\u00e7\u00e3o \u00e9 de que o n\u00famero de 400 mil alunos beneficiados chegue a 900 mil cuja renda familiar seja de at\u00e9 1,5 sal\u00e1rio-m\u00ednimo. O ministro da Educa\u00e7\u00e3o, Milton Ribeiro, afirmou durante a coletiva que a demora para se implementar a medida, ap\u00f3s cinco meses de isolamento em decorr\u00eancia da pandemia do novo coronav\u00edrus, se deve \u00e0 burocracia interna do Estado.<\/p>\n\n\n\n<p>A expectativa \u00e9 de que o benef\u00edcio chegue a 797 munic\u00edpios com&nbsp;<em>campi<\/em>&nbsp;de Institui\u00e7\u00f5es Federais de Ensino Superior (IFES) e Institutos Federais (IF). Ainda segundo \u00f3rg\u00e3o, a solu\u00e7\u00e3o encontrada \u201cdemonstra a viabilidade para um modelo de inclus\u00e3o nos domic\u00edlios de alunos e professores em bandas larga fixa e m\u00f3vel a partir de 2021\u201d.<\/p>\n","protected":false},"excerpt":{"rendered":"<p>O Minist\u00e9rio da Educa\u00e7\u00e3o (MEC) vai disponibilizar internet para cerca de 400 mil estudantes do&nbsp;ensino superior&nbsp;da rede federal de ensino. A sele\u00e7\u00e3o ser\u00e1 com base&hellip; <\/p>\n","protected":false},"author":2,"featured_media":184282,"comment_status":"closed","ping_status":"closed","sticky":false,"template":"","format":"standard","meta":{"sfsi_plus_gutenberg_text_before_share":"","sfsi_plus_gutenberg_show_text_before_share":"","sfsi_plus_gutenberg_icon_type":"","sfsi_plus_gutenberg_icon_alignemt":"","sfsi_plus_gutenburg_max_per_row":"","footnotes":""},"categories":[50,2],"tags":[],"class_list":["post-184281","post","type-post","status-publish","format-standard","has-post-thumbnail","hentry","category-destaque","category-geral"],"_links":{"self":[{"href":"https:\/\/www.caririemacao.com\/1\/wp-json\/wp\/v2\/posts\/184281","targetHints":{"allow":["GET"]}}],"collection":[{"href":"https:\/\/www.caririemacao.com\/1\/wp-json\/wp\/v2\/posts"}],"about":[{"href":"https:\/\/www.caririemacao.com\/1\/wp-json\/wp\/v2\/types\/post"}],"author":[{"embeddable":true,"href":"https:\/\/www.caririemacao.com\/1\/wp-json\/wp\/v2\/users\/2"}],"replies":[{"embeddable":true,"href":"https:\/\/www.caririemacao.com\/1\/wp-json\/wp\/v2\/comments?post=184281"}],"version-history":[{"count":1,"href":"https:\/\/www.caririemacao.com\/1\/wp-json\/wp\/v2\/posts\/184281\/revisions"}],"predecessor-version":[{"id":184283,"href":"https:\/\/www.caririemacao.com\/1\/wp-json\/wp\/v2\/posts\/184281\/revisions\/184283"}],"wp:featuredmedia":[{"embeddable":true,"href":"https:\/\/www.caririemacao.com\/1\/wp-json\/wp\/v2\/media\/184282"}],"wp:attachment":[{"href":"https:\/\/www.caririemacao.com\/1\/wp-json\/wp\/v2\/media?parent=184281"}],"wp:term":[{"taxonomy":"category","embeddable":true,"href":"https:\/\/www.caririemacao.com\/1\/wp-json\/wp\/v2\/categories?post=184281"},{"taxonomy":"post_tag","embeddable":true,"href":"https:\/\/www.caririemacao.com\/1\/wp-json\/wp\/v2\/tags?post=184281"}],"curies":[{"name":"wp","href":"https:\/\/api.w.org\/{rel}","templated":true}]}}