{"id":184285,"date":"2020-08-19T08:08:28","date_gmt":"2020-08-19T11:08:28","guid":{"rendered":"https:\/\/www.caririemacao.com\/1\/?p=184285"},"modified":"2020-08-19T08:08:28","modified_gmt":"2020-08-19T11:08:28","slug":"isla-e-aprovado-em-exames-e-so-falta-assinar-com-o-flamengo","status":"publish","type":"post","link":"https:\/\/www.caririemacao.com\/1\/2020\/08\/19\/isla-e-aprovado-em-exames-e-so-falta-assinar-com-o-flamengo\/","title":{"rendered":"Isla \u00e9 aprovado em exames e \u2018s\u00f3 falta assinar\u2019 com o Flamengo"},"content":{"rendered":"\n<h3 class=\"wp-block-heading\"><\/h3>\n\n\n\n<hr class=\"wp-block-separator\"\/>\n\n\n\n<p><ins><\/ins><\/p>\n\n\n\n<p>Falta apenas anunciar. O Flamengo acertou nesta ter\u00e7a-feira os \u00faltimos detalhes burocr\u00e1ticos para fechar a contrata\u00e7\u00e3o do lateral-direito Mauricio Isla. O chileno foi aprovado nos exames m\u00e9dicos, finalizados ao longo do dia numa cl\u00ednica particular na Espanha e aguarda o contrato em sua reda\u00e7\u00e3o final para assin\u00e1-lo por dois anos e meio, at\u00e9 o fim de 2022.<\/p>\n\n\n\n<p>O chileno realizou bateria de testes divididos em dois dias em uma cl\u00ednica particular em Altea, cidade a 100km de Val\u00eancia. Os resultados foram enviados para o chefe do departamento m\u00e9dico rubro-negro, M\u00e1rcio Tanure, que deu o ok.<\/p>\n\n\n\n<p>Marcos Braz e Bruno Spindel aguardam agora o envio da vers\u00e3o final do contrato para que Maur\u00edcio Isla assine. N\u00e3o h\u00e1 ainda defini\u00e7\u00e3o sobre a vinda dos dirigentes e do jogador para o Brasil, Isla j\u00e1 trata da mudan\u00e7a.<\/p>\n\n\n\n<p>Por conta do longo tempo de contrato e da urg\u00eancia de logo ficar \u00e0 disposi\u00e7\u00e3o de Dom\u00e8nec Torrent, o lateral-direito agiliza a quest\u00e3o burocr\u00e1tica para se mudar definitivamente para o Brasil. Isla deseja viajar j\u00e1 com a filha e a esposa.<\/p>\n\n\n\n<p>Com o acerto com Isla, o Flamengo volta suas energias para a contrata\u00e7\u00e3o de Guga. As conversas avan\u00e7am com o lateral-direito e o Atl\u00e9tico-MG, que pede 5 milh\u00f5es de euros na contrata\u00e7\u00e3o.Assim que chegarem ao Brasil, Braz e Spindel v\u00e3o se reunir com representantes do grupo Bertolucci para debater a contrata\u00e7\u00e3o e acelerar as conversas com o Galo. H\u00e1 otimismo no acerto.<\/p>\n","protected":false},"excerpt":{"rendered":"<p>Falta apenas anunciar. O Flamengo acertou nesta ter\u00e7a-feira os \u00faltimos detalhes burocr\u00e1ticos para fechar a contrata\u00e7\u00e3o do lateral-direito Mauricio Isla. O chileno foi aprovado nos&hellip; <\/p>\n","protected":false},"author":2,"featured_media":184286,"comment_status":"closed","ping_status":"closed","sticky":false,"template":"","format":"standard","meta":{"sfsi_plus_gutenberg_text_before_share":"","sfsi_plus_gutenberg_show_text_before_share":"","sfsi_plus_gutenberg_icon_type":"","sfsi_plus_gutenberg_icon_alignemt":"","sfsi_plus_gutenburg_max_per_row":"","footnotes":""},"categories":[13],"tags":[],"class_list":["post-184285","post","type-post","status-publish","format-standard","has-post-thumbnail","hentry","category-esportes"],"_links":{"self":[{"href":"https:\/\/www.caririemacao.com\/1\/wp-json\/wp\/v2\/posts\/184285","targetHints":{"allow":["GET"]}}],"collection":[{"href":"https:\/\/www.caririemacao.com\/1\/wp-json\/wp\/v2\/posts"}],"about":[{"href":"https:\/\/www.caririemacao.com\/1\/wp-json\/wp\/v2\/types\/post"}],"author":[{"embeddable":true,"href":"https:\/\/www.caririemacao.com\/1\/wp-json\/wp\/v2\/users\/2"}],"replies":[{"embeddable":true,"href":"https:\/\/www.caririemacao.com\/1\/wp-json\/wp\/v2\/comments?post=184285"}],"version-history":[{"count":1,"href":"https:\/\/www.caririemacao.com\/1\/wp-json\/wp\/v2\/posts\/184285\/revisions"}],"predecessor-version":[{"id":184287,"href":"https:\/\/www.caririemacao.com\/1\/wp-json\/wp\/v2\/posts\/184285\/revisions\/184287"}],"wp:featuredmedia":[{"embeddable":true,"href":"https:\/\/www.caririemacao.com\/1\/wp-json\/wp\/v2\/media\/184286"}],"wp:attachment":[{"href":"https:\/\/www.caririemacao.com\/1\/wp-json\/wp\/v2\/media?parent=184285"}],"wp:term":[{"taxonomy":"category","embeddable":true,"href":"https:\/\/www.caririemacao.com\/1\/wp-json\/wp\/v2\/categories?post=184285"},{"taxonomy":"post_tag","embeddable":true,"href":"https:\/\/www.caririemacao.com\/1\/wp-json\/wp\/v2\/tags?post=184285"}],"curies":[{"name":"wp","href":"https:\/\/api.w.org\/{rel}","templated":true}]}}