{"id":184469,"date":"2020-08-19T17:26:40","date_gmt":"2020-08-19T20:26:40","guid":{"rendered":"https:\/\/www.caririemacao.com\/1\/?p=184469"},"modified":"2020-08-19T17:26:40","modified_gmt":"2020-08-19T20:26:40","slug":"ministro-celso-de-mello-se-licencia-do-supremo-tribunal-federal-para-fazer-tratamento-de-saude","status":"publish","type":"post","link":"https:\/\/www.caririemacao.com\/1\/2020\/08\/19\/ministro-celso-de-mello-se-licencia-do-supremo-tribunal-federal-para-fazer-tratamento-de-saude\/","title":{"rendered":"Ministro Celso de Mello se licencia do Supremo Tribunal Federal para fazer tratamento de sa\u00fade"},"content":{"rendered":"\n<p class=\"wp-block-paragraph\">O ministro Celso de Mello, do Supremo Tribunal Federal (STF), se afastou da Corte para realizar um novo tratamento de sa\u00fade.<\/p>\n\n\n\n<p class=\"wp-block-paragraph\">No in\u00edcio do ano,\u00a0o ministro passou por uma cirurgia no quadril. A informa\u00e7\u00e3o foi confirmada pelo gabinete do ministro. Celso de Mello tamb\u00e9m comunicou a colegas.<\/p>\n\n\n\n<p class=\"wp-block-paragraph\">N\u00e3o h\u00e1 detalhes do novo tratamento e nem da dura\u00e7\u00e3o desse afastamento.<\/p>\n\n\n\n<p class=\"wp-block-paragraph\">O decano (mais antigo ministro) do tribunal se aposenta em novembro, quando completa 75 anos. Nesta semana, ele fez 31 anos de atua\u00e7\u00e3o no Supremo.<\/p>\n\n\n\n<p class=\"wp-block-paragraph\">Atualmente, o ministro \u00e9 relator do inqu\u00e9rito que investiga se o presidente Jair Bolsonaro tentou\u00a0interferir na autonomia da Pol\u00edcia Federal.<\/p>\n\n\n\n<figure class=\"wp-block-image\"><img decoding=\"async\" src=\"https:\/\/s04.video.glbimg.com\/x240\/8613055.jpg\" alt=\"Celso de Mello prorroga investiga\u00e7\u00e3o que apura se presidente interferiu na PF\" title=\"Celso de Mello prorroga investiga\u00e7\u00e3o que apura se presidente interferiu na PF\"\/><\/figure>\n\n\n\n<p class=\"wp-block-paragraph\">COM G1<\/p>\n","protected":false},"excerpt":{"rendered":"<p>O ministro Celso de Mello, do Supremo Tribunal Federal (STF), se afastou da Corte para realizar um novo tratamento de sa\u00fade. No in\u00edcio do ano,\u00a0o ministro passou por uma cirurgia no quadril. A informa\u00e7\u00e3o foi confirmada pelo gabinete do ministro. Celso de Mello tamb\u00e9m comunicou a colegas. N\u00e3o h\u00e1 detalhes do novo tratamento e nem da dura\u00e7\u00e3o desse afastamento. O decano (mais antigo ministro) do tribunal se aposenta em novembro, quando completa 75 anos. Nesta semana, ele fez 31 anos de atua\u00e7\u00e3o no Supremo. Atualmente, o ministro \u00e9 relator do inqu\u00e9rito que investiga se o presidente Jair Bolsonaro tentou\u00a0interferir na autonomia da Pol\u00edcia Federal. COM G1<\/p>\n","protected":false},"author":1,"featured_media":184472,"comment_status":"closed","ping_status":"closed","sticky":false,"template":"","format":"standard","meta":{"sfsi_plus_gutenberg_text_before_share":"","sfsi_plus_gutenberg_show_text_before_share":"","sfsi_plus_gutenberg_icon_type":"","sfsi_plus_gutenberg_icon_alignemt":"","sfsi_plus_gutenburg_max_per_row":"","footnotes":""},"categories":[2,11],"tags":[],"class_list":["post-184469","post","type-post","status-publish","format-standard","has-post-thumbnail","hentry","category-geral","category-politica"],"_links":{"self":[{"href":"https:\/\/www.caririemacao.com\/1\/wp-json\/wp\/v2\/posts\/184469","targetHints":{"allow":["GET"]}}],"collection":[{"href":"https:\/\/www.caririemacao.com\/1\/wp-json\/wp\/v2\/posts"}],"about":[{"href":"https:\/\/www.caririemacao.com\/1\/wp-json\/wp\/v2\/types\/post"}],"author":[{"embeddable":true,"href":"https:\/\/www.caririemacao.com\/1\/wp-json\/wp\/v2\/users\/1"}],"replies":[{"embeddable":true,"href":"https:\/\/www.caririemacao.com\/1\/wp-json\/wp\/v2\/comments?post=184469"}],"version-history":[{"count":1,"href":"https:\/\/www.caririemacao.com\/1\/wp-json\/wp\/v2\/posts\/184469\/revisions"}],"predecessor-version":[{"id":184473,"href":"https:\/\/www.caririemacao.com\/1\/wp-json\/wp\/v2\/posts\/184469\/revisions\/184473"}],"wp:featuredmedia":[{"embeddable":true,"href":"https:\/\/www.caririemacao.com\/1\/wp-json\/wp\/v2\/media\/184472"}],"wp:attachment":[{"href":"https:\/\/www.caririemacao.com\/1\/wp-json\/wp\/v2\/media?parent=184469"}],"wp:term":[{"taxonomy":"category","embeddable":true,"href":"https:\/\/www.caririemacao.com\/1\/wp-json\/wp\/v2\/categories?post=184469"},{"taxonomy":"post_tag","embeddable":true,"href":"https:\/\/www.caririemacao.com\/1\/wp-json\/wp\/v2\/tags?post=184469"}],"curies":[{"name":"wp","href":"https:\/\/api.w.org\/{rel}","templated":true}]}}