{"id":184762,"date":"2020-08-21T08:12:10","date_gmt":"2020-08-21T11:12:10","guid":{"rendered":"https:\/\/www.caririemacao.com\/1\/?p=184762"},"modified":"2020-08-21T08:12:10","modified_gmt":"2020-08-21T11:12:10","slug":"na-paraiba-bebe-de-1-ano-e-7-meses-cai-em-piscina-de-casa-se-afoga-e-sofre-parada-cardiaca","status":"publish","type":"post","link":"https:\/\/www.caririemacao.com\/1\/2020\/08\/21\/na-paraiba-bebe-de-1-ano-e-7-meses-cai-em-piscina-de-casa-se-afoga-e-sofre-parada-cardiaca\/","title":{"rendered":"NA PARA\u00cdBA: Beb\u00ea de 1 ano e 7 meses cai em piscina de casa, se afoga e sofre parada card\u00edaca"},"content":{"rendered":"\n<h1 class=\"wp-block-heading\"><\/h1>\n\n\n\n<p class=\"wp-block-paragraph\">Uma menino de 1 ano e 7 meses caiu na piscina de casa, que fica no bairro do Cristo, em Jo\u00e3o Pessoa, e se afogou. O acidente aconteceu por volta das 13h desta quinta-feira (20). Ele foi resgatado desacordado, mas com vida, por equipes do Corpo de Bombeiros. Os militares iniciaram uma massagem card\u00edaca no beb\u00ea, que sofreu uma parada cardiorrespirat\u00f3ria.<\/p>\n\n\n\n<p class=\"wp-block-paragraph\">Ainda segundo informa\u00e7\u00f5es dos bombeiros, testemunhas acionaram tamb\u00e9m o Servi\u00e7o de Atendimento M\u00f3vel de Urg\u00eancia (Samu), que prestaram os primeiros socorros e estabilizaram a crian\u00e7a. Equipes do Samu informaram que a crian\u00e7a sofreu um afogamento n\u00edvel 4.<\/p>\n\n\n\n<p class=\"wp-block-paragraph\">Ele foi encaminhada para o Hospital de Emerg\u00eancia e Trauma Senador Humberto Lucena, consciente e orientado. O hospital ainda n\u00e3o informou o estado de sa\u00fade da crian\u00e7a. Equipes do Samu informaram que ele est\u00e1 internado em estado grave e requer muitos cuidados.<\/p>\n","protected":false},"excerpt":{"rendered":"<p>Uma menino de 1 ano e 7 meses caiu na piscina de casa, que fica no bairro do Cristo, em Jo\u00e3o Pessoa, e se afogou. O acidente aconteceu por volta das 13h desta quinta-feira (20). Ele foi resgatado desacordado, mas com vida, por equipes do Corpo de Bombeiros. Os militares iniciaram uma massagem card\u00edaca no beb\u00ea, que sofreu uma parada cardiorrespirat\u00f3ria. Ainda segundo informa\u00e7\u00f5es dos bombeiros, testemunhas acionaram tamb\u00e9m o Servi\u00e7o de Atendimento M\u00f3vel de Urg\u00eancia (Samu), que prestaram os primeiros socorros e estabilizaram a crian\u00e7a. Equipes do Samu informaram que a crian\u00e7a sofreu um afogamento n\u00edvel 4. Ele foi encaminhada para o Hospital de Emerg\u00eancia e Trauma Senador Humberto Lucena, consciente e orientado. O hospital ainda n\u00e3o informou o estado de sa\u00fade da crian\u00e7a. Equipes do Samu informaram que ele est\u00e1 internado em estado grave e requer muitos cuidados.<\/p>\n","protected":false},"author":2,"featured_media":184763,"comment_status":"closed","ping_status":"closed","sticky":false,"template":"","format":"standard","meta":{"sfsi_plus_gutenberg_text_before_share":"","sfsi_plus_gutenberg_show_text_before_share":"","sfsi_plus_gutenberg_icon_type":"","sfsi_plus_gutenberg_icon_alignemt":"","sfsi_plus_gutenburg_max_per_row":"","footnotes":""},"categories":[50,2],"tags":[],"class_list":["post-184762","post","type-post","status-publish","format-standard","has-post-thumbnail","hentry","category-destaque","category-geral"],"_links":{"self":[{"href":"https:\/\/www.caririemacao.com\/1\/wp-json\/wp\/v2\/posts\/184762","targetHints":{"allow":["GET"]}}],"collection":[{"href":"https:\/\/www.caririemacao.com\/1\/wp-json\/wp\/v2\/posts"}],"about":[{"href":"https:\/\/www.caririemacao.com\/1\/wp-json\/wp\/v2\/types\/post"}],"author":[{"embeddable":true,"href":"https:\/\/www.caririemacao.com\/1\/wp-json\/wp\/v2\/users\/2"}],"replies":[{"embeddable":true,"href":"https:\/\/www.caririemacao.com\/1\/wp-json\/wp\/v2\/comments?post=184762"}],"version-history":[{"count":1,"href":"https:\/\/www.caririemacao.com\/1\/wp-json\/wp\/v2\/posts\/184762\/revisions"}],"predecessor-version":[{"id":184764,"href":"https:\/\/www.caririemacao.com\/1\/wp-json\/wp\/v2\/posts\/184762\/revisions\/184764"}],"wp:featuredmedia":[{"embeddable":true,"href":"https:\/\/www.caririemacao.com\/1\/wp-json\/wp\/v2\/media\/184763"}],"wp:attachment":[{"href":"https:\/\/www.caririemacao.com\/1\/wp-json\/wp\/v2\/media?parent=184762"}],"wp:term":[{"taxonomy":"category","embeddable":true,"href":"https:\/\/www.caririemacao.com\/1\/wp-json\/wp\/v2\/categories?post=184762"},{"taxonomy":"post_tag","embeddable":true,"href":"https:\/\/www.caririemacao.com\/1\/wp-json\/wp\/v2\/tags?post=184762"}],"curies":[{"name":"wp","href":"https:\/\/api.w.org\/{rel}","templated":true}]}}