{"id":184774,"date":"2020-08-21T08:20:16","date_gmt":"2020-08-21T11:20:16","guid":{"rendered":"https:\/\/www.caririemacao.com\/1\/?p=184774"},"modified":"2020-08-21T08:20:16","modified_gmt":"2020-08-21T11:20:16","slug":"onda-de-frio-deve-atingir-pb-no-final-de-semana-aponta-meteorologista","status":"publish","type":"post","link":"https:\/\/www.caririemacao.com\/1\/2020\/08\/21\/onda-de-frio-deve-atingir-pb-no-final-de-semana-aponta-meteorologista\/","title":{"rendered":"Onda de frio deve atingir PB no final de semana, aponta meteorologista"},"content":{"rendered":"\n<h1 class=\"wp-block-heading\"><\/h1>\n\n\n\n<p class=\"wp-block-paragraph\">Devido a um fen\u00f4meno meteorol\u00f3gico, uma onda de frio deve atingir grande parte do territ\u00f3rio nacional neste final de semana.<\/p>\n\n\n\n<p class=\"wp-block-paragraph\">A informa\u00e7\u00e3o foi confirmada pela meteorologista da Ag\u00eancia Executiva de Gest\u00e3o das \u00c1guas do Estado da Para\u00edba (AESA), Marle Bandeira, em entrevista \u00e0 CBN FM.<\/p>\n\n\n\n<p class=\"wp-block-paragraph\">De acordo com Marle, as temperaturas na Para\u00edba poder\u00e3o ter um decr\u00e9scimo de um a dois graus, principalmente no per\u00edodo da madrugada.<\/p>\n","protected":false},"excerpt":{"rendered":"<p>Devido a um fen\u00f4meno meteorol\u00f3gico, uma onda de frio deve atingir grande parte do territ\u00f3rio nacional neste final de semana. A informa\u00e7\u00e3o foi confirmada pela meteorologista da Ag\u00eancia Executiva de Gest\u00e3o das \u00c1guas do Estado da Para\u00edba (AESA), Marle Bandeira, em entrevista \u00e0 CBN FM. De acordo com Marle, as temperaturas na Para\u00edba poder\u00e3o ter um decr\u00e9scimo de um a dois graus, principalmente no per\u00edodo da madrugada.<\/p>\n","protected":false},"author":2,"featured_media":184775,"comment_status":"closed","ping_status":"closed","sticky":false,"template":"","format":"standard","meta":{"sfsi_plus_gutenberg_text_before_share":"","sfsi_plus_gutenberg_show_text_before_share":"","sfsi_plus_gutenberg_icon_type":"","sfsi_plus_gutenberg_icon_alignemt":"","sfsi_plus_gutenburg_max_per_row":"","footnotes":""},"categories":[50,2],"tags":[],"class_list":["post-184774","post","type-post","status-publish","format-standard","has-post-thumbnail","hentry","category-destaque","category-geral"],"_links":{"self":[{"href":"https:\/\/www.caririemacao.com\/1\/wp-json\/wp\/v2\/posts\/184774","targetHints":{"allow":["GET"]}}],"collection":[{"href":"https:\/\/www.caririemacao.com\/1\/wp-json\/wp\/v2\/posts"}],"about":[{"href":"https:\/\/www.caririemacao.com\/1\/wp-json\/wp\/v2\/types\/post"}],"author":[{"embeddable":true,"href":"https:\/\/www.caririemacao.com\/1\/wp-json\/wp\/v2\/users\/2"}],"replies":[{"embeddable":true,"href":"https:\/\/www.caririemacao.com\/1\/wp-json\/wp\/v2\/comments?post=184774"}],"version-history":[{"count":1,"href":"https:\/\/www.caririemacao.com\/1\/wp-json\/wp\/v2\/posts\/184774\/revisions"}],"predecessor-version":[{"id":184776,"href":"https:\/\/www.caririemacao.com\/1\/wp-json\/wp\/v2\/posts\/184774\/revisions\/184776"}],"wp:featuredmedia":[{"embeddable":true,"href":"https:\/\/www.caririemacao.com\/1\/wp-json\/wp\/v2\/media\/184775"}],"wp:attachment":[{"href":"https:\/\/www.caririemacao.com\/1\/wp-json\/wp\/v2\/media?parent=184774"}],"wp:term":[{"taxonomy":"category","embeddable":true,"href":"https:\/\/www.caririemacao.com\/1\/wp-json\/wp\/v2\/categories?post=184774"},{"taxonomy":"post_tag","embeddable":true,"href":"https:\/\/www.caririemacao.com\/1\/wp-json\/wp\/v2\/tags?post=184774"}],"curies":[{"name":"wp","href":"https:\/\/api.w.org\/{rel}","templated":true}]}}