{"id":185219,"date":"2020-08-24T14:04:49","date_gmt":"2020-08-24T17:04:49","guid":{"rendered":"https:\/\/www.caririemacao.com\/1\/?p=185219"},"modified":"2020-08-24T14:04:49","modified_gmt":"2020-08-24T17:04:49","slug":"covid-19-redes-publicas-de-ensino-tem-ate-40-dos-professores-no-grupo-de-risco","status":"publish","type":"post","link":"https:\/\/www.caririemacao.com\/1\/2020\/08\/24\/covid-19-redes-publicas-de-ensino-tem-ate-40-dos-professores-no-grupo-de-risco\/","title":{"rendered":"Covid-19: redes p\u00fablicas de ensino t\u00eam at\u00e9 40% dos professores no grupo de risco"},"content":{"rendered":"\n<p><br>Com planejamento para o retorno das aulas presenciais, 16 das 27 unidades da federa\u00e7\u00e3o n\u00e3o sabem quantos dos professores de suas redes de ensino t\u00eam mais de 60 anos ou comorbidades que podem agravar os sintomas do coronav\u00edrus. Os estados que fizeram esse levantamento identificaram que at\u00e9 40% de seus docentes est\u00e3o neste grupo.<\/p>\n\n\n\n<p>A grande propor\u00e7\u00e3o de professores em grupo de risco e que n\u00e3o poder\u00e3o retornar \u00e0s escolas fez com que estados e munic\u00edpios iniciassem a contrata\u00e7\u00e3o de novos docentes de forma emergencial ou por concursos p\u00fablicos realizados anteriormente.<\/p>\n\n\n\n<p>Para especialistas e sindicatos de professores, \u00e9 alarmante o n\u00famero de estados que nem ao menos sabe quantos dos profissionais da educa\u00e7\u00e3o n\u00e3o poderiam retornar \u00e0s escolas neste momento. Segundo eles, a falta de um levantamento indica a falta de organiza\u00e7\u00e3o para a reabertura.<\/p>\n\n\n\n<p>Em Alagoas e na Para\u00edba, por exemplo, ainda n\u00e3o h\u00e1 previs\u00e3o de retorno \u00e0s aulas, mas foi feito o levantamento com os professores para identificar quantos s\u00e3o do grupo de risco para planejar como seria a reabertura. Nos dois estados, mais de 40% dos docentes t\u00eam mais de 60 anos ou comorbidades.<\/p>\n\n\n\n<p>Por isso, as duas secretarias j\u00e1 identificaram que o retorno, quando for poss\u00edvel, ser\u00e1 no modelo h\u00edbrido \u2013ou seja, com aulas presenciais e atividades a dist\u00e2ncia.<\/p>\n\n\n\n<p>Ainda assim, ser\u00e1 preciso a contrata\u00e7\u00e3o de novos docentes para garantir que haja a oferta de todas as disciplinas e em todas as s\u00e9ries presencialmente.<\/p>\n\n\n\n<p>No Paran\u00e1, que previa o retorno das aulas em setembro, mas adiou a volta, o levantamento indicou que 30% dos docentes est\u00e3o no grupo de risco. No Amap\u00e1, eles identificaram que 20% dos professores est\u00e3o nos grupos de maior vulnerabilidade para a doen\u00e7a.<\/p>\n\n\n\n<p>Al\u00e9m da grande propor\u00e7\u00e3o de professores nesses grupos, as secretarias tamb\u00e9m consultaram fam\u00edlias e profissionais e identificaram que a maioria n\u00e3o se sente seguro para o retorno. Por isso, decidiram adiar por tempo indeterminado a reabertura. As duas secretarias tamb\u00e9m se preparam para chamar novos candidatos aprovados em concursos anteriores para assumir parte das aulas.<\/p>\n\n\n\n<p>O Amazonas, que j\u00e1 iniciou a reabertura das escolas estaduais, n\u00e3o informou se fez um levantamento e se sabe a quantidade de docentes que est\u00e3o no grupo de risco.<\/p>\n\n\n\n<p>No primeiro dia de retorno \u00e0s aulas, as escolas enfrentaram greve dos servidores e houve diversas den\u00fancias de desrespeito \u00e0s regras de distanciamento social.<\/p>\n\n\n\n<p>S\u00e3o Paulo, que tem a volta \u00e0s aulas previstas para 8 de outubro, n\u00e3o informou se levantou o n\u00famero de professores e como pretende substitu\u00ed-los nas atividades presenciais. Na capital paulista, a rede municipal identificou que 10% dos docentes t\u00eam mais de 60 anos. O levantamento de quantos t\u00eam outras doen\u00e7as ainda n\u00e3o foi finalizado.<\/p>\n\n\n\n<p>Ainda assim, a Prefeitura de S\u00e3o Paulo j\u00e1 iniciou contrata\u00e7\u00e3o emergencial que pode alcan\u00e7ar at\u00e9 20% do quadro de professores para que atuem nas escolas quando as aulas presenciais retornarem, mesmo sem que essa data esteja definida.<\/p>\n\n\n\n<p>No Rio de Janeiro, onde h\u00e1 previs\u00e3o de retorno em setembro, tamb\u00e9m n\u00e3o h\u00e1 nenhum levantamento sobre as condi\u00e7\u00f5es de sa\u00fade dos professores, nem mesmo de quantos t\u00eam mais de 60 anos. Na capital fluminense, a \u00fanica informa\u00e7\u00e3o levantada \u00e9 a de que 10% est\u00e3o acima dos 60, mas ainda n\u00e3o se sabe quantos t\u00eam alguma comorbidade.<\/p>\n\n\n\n<p>O mesmo acontece no Distrito Federal, que adiou por tempo indeterminado a reabertura das escolas depois de ter planejado o retorno para 31 de agosto. Segundo o governo, o levantamento da quantidade de professores no grupo de risco ser\u00e1 feito, mas diz que n\u00e3o h\u00e1 risco ao atendimento dos alunos j\u00e1 que conta com um banco de mais de 30 mil docentes substitutos.<\/p>\n\n\n\n<p>\u201cComo os estados tomam a decis\u00e3o de reabrir escolas sem ter informa\u00e7\u00f5es m\u00ednimas, b\u00e1sicas, sobre a condi\u00e7\u00e3o de seus servidores? Como passar seguran\u00e7a para as fam\u00edlias de que as crian\u00e7as estar\u00e3o em seguran\u00e7a, se eles n\u00e3o conseguem levantar informa\u00e7\u00f5es t\u00e3o simples? Simples, mas fundamentais para o planejamento\u201d, disse \u00c2ngela Soligo, professora da Faculdade de Educa\u00e7\u00e3o da Unicamp.<\/p>\n\n\n\n<p>Ela destaca ainda que, al\u00e9m do levantamento entre os professores e servidores contratados pelas secretarias de educa\u00e7\u00e3o, deveriam ser criados tamb\u00e9m instrumentos para garantir e fiscalizar que as empresas terceirizadas, de limpeza, alimenta\u00e7\u00e3o e transporte escolar, tamb\u00e9m cumpram a orienta\u00e7\u00e3o da OMS (Organiza\u00e7\u00e3o Mundial da Sa\u00fade) de n\u00e3o retornar com funcion\u00e1rios do grupo de risco.<\/p>\n\n\n\n<p>\u201cN\u00e3o ter e publicizar uma informa\u00e7\u00e3o t\u00e3o simples como essa demonstra o grau de desorganiza\u00e7\u00e3o para o retorno. Se n\u00e3o sabem quantos professores s\u00e3o do grupo de risco, n\u00e3o v\u00e3o saber quantos alunos tamb\u00e9m s\u00e3o, quantos est\u00e3o em maior vulnerabilidade. N\u00e3o transmite seguran\u00e7a nem \u00e0s fam\u00edlias e nem aos educadores\u201d, disse Maria Izabel Noronha, presidente da Apeoesp (principal sindicato dos professores de S\u00e3o Paulo) e deputada estadual pelo PT.<\/p>\n\n\n\n<p>Para Heleno Ara\u00fajo, presidente do CNTE (Confedera\u00e7\u00e3o Nacional dos Trabalhadores em Educa\u00e7\u00e3o), esse tipo de informa\u00e7\u00e3o deveria ser levantada com anteced\u00eancia, j\u00e1 que ela pode implicar em uma nova demanda financeira, com a contrata\u00e7\u00e3o de substitutos. \u201cUm diagn\u00f3stico bem feito, tanto do ponto de vista da sa\u00fade, como financeiro, passa inicialmente por conhecer quem s\u00e3o os seus servidores\u201d.<\/p>\n","protected":false},"excerpt":{"rendered":"<p>Com planejamento para o retorno das aulas presenciais, 16 das 27 unidades da federa\u00e7\u00e3o n\u00e3o sabem quantos dos professores de suas redes de ensino t\u00eam&hellip; <\/p>\n","protected":false},"author":2,"featured_media":95560,"comment_status":"closed","ping_status":"closed","sticky":false,"template":"","format":"standard","meta":{"sfsi_plus_gutenberg_text_before_share":"","sfsi_plus_gutenberg_show_text_before_share":"","sfsi_plus_gutenberg_icon_type":"","sfsi_plus_gutenberg_icon_alignemt":"","sfsi_plus_gutenburg_max_per_row":"","footnotes":""},"categories":[14],"tags":[],"class_list":["post-185219","post","type-post","status-publish","format-standard","has-post-thumbnail","hentry","category-educacao"],"_links":{"self":[{"href":"https:\/\/www.caririemacao.com\/1\/wp-json\/wp\/v2\/posts\/185219","targetHints":{"allow":["GET"]}}],"collection":[{"href":"https:\/\/www.caririemacao.com\/1\/wp-json\/wp\/v2\/posts"}],"about":[{"href":"https:\/\/www.caririemacao.com\/1\/wp-json\/wp\/v2\/types\/post"}],"author":[{"embeddable":true,"href":"https:\/\/www.caririemacao.com\/1\/wp-json\/wp\/v2\/users\/2"}],"replies":[{"embeddable":true,"href":"https:\/\/www.caririemacao.com\/1\/wp-json\/wp\/v2\/comments?post=185219"}],"version-history":[{"count":1,"href":"https:\/\/www.caririemacao.com\/1\/wp-json\/wp\/v2\/posts\/185219\/revisions"}],"predecessor-version":[{"id":185220,"href":"https:\/\/www.caririemacao.com\/1\/wp-json\/wp\/v2\/posts\/185219\/revisions\/185220"}],"wp:featuredmedia":[{"embeddable":true,"href":"https:\/\/www.caririemacao.com\/1\/wp-json\/wp\/v2\/media\/95560"}],"wp:attachment":[{"href":"https:\/\/www.caririemacao.com\/1\/wp-json\/wp\/v2\/media?parent=185219"}],"wp:term":[{"taxonomy":"category","embeddable":true,"href":"https:\/\/www.caririemacao.com\/1\/wp-json\/wp\/v2\/categories?post=185219"},{"taxonomy":"post_tag","embeddable":true,"href":"https:\/\/www.caririemacao.com\/1\/wp-json\/wp\/v2\/tags?post=185219"}],"curies":[{"name":"wp","href":"https:\/\/api.w.org\/{rel}","templated":true}]}}