{"id":185223,"date":"2020-08-25T06:23:18","date_gmt":"2020-08-25T09:23:18","guid":{"rendered":"https:\/\/www.caririemacao.com\/1\/?p=185223"},"modified":"2020-08-25T06:23:18","modified_gmt":"2020-08-25T09:23:18","slug":"boletim-covid-19-ouro-velho-registra-dois-casos-confirmados-e-01-caso-recuperado-para-covid-19-nesta-segunda-feira-24","status":"publish","type":"post","link":"https:\/\/www.caririemacao.com\/1\/2020\/08\/25\/boletim-covid-19-ouro-velho-registra-dois-casos-confirmados-e-01-caso-recuperado-para-covid-19-nesta-segunda-feira-24\/","title":{"rendered":"Boletim covid-19: Ouro Velho registra dois casos confirmados e 01 caso recuperado para COVID-19 nesta segunda-feira (24)"},"content":{"rendered":"\n<h3 class=\"wp-block-heading\"><\/h3>\n\n\n\n<p><strong><em>A Prefeitura de Ouro Velho, por meio da Secretaria Municipal de Sa\u00fade (SMS), divulgou o Boletim Epidemiol\u00f3gico COVID-19 desta segunda-feira (24).&nbsp;<\/em><\/strong><br><strong><em>O munic\u00edpio registra dois casos confirmados. Outras 223 pessoas finalizaram a quarentena, n\u00e3o apresentam sintomas e foram consideradas recuperadas, 10 casos em investiga\u00e7\u00e3o, 261 casos descartados e 01caso recuperado.<\/em><\/strong><br><strong><em>A Secretaria de Estado da Sa\u00fade, informa que a Para\u00edba registra 101.303 casos confirmados e 2.330 mortes.<\/em><\/strong><br><strong><em>A Secretaria de Sa\u00fade alerta<\/em><\/strong><\/p>\n\n\n\n<p><strong><em>Lave com frequ\u00eancia as m\u00e3os at\u00e9 a altura dos punhos, com \u00e1gua e sab\u00e3o, ou ent\u00e3o higienize com \u00e1lcool em gel 70%. Ao tossir ou espirrar, cubra nariz e boca com len\u00e7o ou com o bra\u00e7o, e n\u00e3o com as m\u00e3os.<\/em><\/strong><br><strong><em>Evite tocar olhos, nariz e boca com as m\u00e3os n\u00e3o lavadas.<\/em><\/strong><br><strong><em>POETA TEIXEIRINHA<\/em><\/strong><\/p>\n","protected":false},"excerpt":{"rendered":"<p>A Prefeitura de Ouro Velho, por meio da Secretaria Municipal de Sa\u00fade (SMS), divulgou o Boletim Epidemiol\u00f3gico COVID-19 desta segunda-feira (24).&nbsp;O munic\u00edpio registra dois casos&hellip; <\/p>\n","protected":false},"author":2,"featured_media":185224,"comment_status":"closed","ping_status":"closed","sticky":false,"template":"","format":"standard","meta":{"sfsi_plus_gutenberg_text_before_share":"","sfsi_plus_gutenberg_show_text_before_share":"","sfsi_plus_gutenberg_icon_type":"","sfsi_plus_gutenberg_icon_alignemt":"","sfsi_plus_gutenburg_max_per_row":"","footnotes":""},"categories":[50,2],"tags":[],"class_list":["post-185223","post","type-post","status-publish","format-standard","has-post-thumbnail","hentry","category-destaque","category-geral"],"_links":{"self":[{"href":"https:\/\/www.caririemacao.com\/1\/wp-json\/wp\/v2\/posts\/185223","targetHints":{"allow":["GET"]}}],"collection":[{"href":"https:\/\/www.caririemacao.com\/1\/wp-json\/wp\/v2\/posts"}],"about":[{"href":"https:\/\/www.caririemacao.com\/1\/wp-json\/wp\/v2\/types\/post"}],"author":[{"embeddable":true,"href":"https:\/\/www.caririemacao.com\/1\/wp-json\/wp\/v2\/users\/2"}],"replies":[{"embeddable":true,"href":"https:\/\/www.caririemacao.com\/1\/wp-json\/wp\/v2\/comments?post=185223"}],"version-history":[{"count":1,"href":"https:\/\/www.caririemacao.com\/1\/wp-json\/wp\/v2\/posts\/185223\/revisions"}],"predecessor-version":[{"id":185225,"href":"https:\/\/www.caririemacao.com\/1\/wp-json\/wp\/v2\/posts\/185223\/revisions\/185225"}],"wp:featuredmedia":[{"embeddable":true,"href":"https:\/\/www.caririemacao.com\/1\/wp-json\/wp\/v2\/media\/185224"}],"wp:attachment":[{"href":"https:\/\/www.caririemacao.com\/1\/wp-json\/wp\/v2\/media?parent=185223"}],"wp:term":[{"taxonomy":"category","embeddable":true,"href":"https:\/\/www.caririemacao.com\/1\/wp-json\/wp\/v2\/categories?post=185223"},{"taxonomy":"post_tag","embeddable":true,"href":"https:\/\/www.caririemacao.com\/1\/wp-json\/wp\/v2\/tags?post=185223"}],"curies":[{"name":"wp","href":"https:\/\/api.w.org\/{rel}","templated":true}]}}