{"id":185231,"date":"2020-08-25T06:28:27","date_gmt":"2020-08-25T09:28:27","guid":{"rendered":"https:\/\/www.caririemacao.com\/1\/?p=185231"},"modified":"2020-08-25T06:28:27","modified_gmt":"2020-08-25T09:28:27","slug":"pesquisadores-falta-de-coordenacao-tornou-mascaras-menos-eficazes","status":"publish","type":"post","link":"https:\/\/www.caririemacao.com\/1\/2020\/08\/25\/pesquisadores-falta-de-coordenacao-tornou-mascaras-menos-eficazes\/","title":{"rendered":"Pesquisadores: falta de coordena\u00e7\u00e3o tornou m\u00e1scaras menos eficazes"},"content":{"rendered":"\n<h1 class=\"wp-block-heading\"><\/h1>\n\n\n\n<p>Na avalia\u00e7\u00e3o do grupo, que faz parte da Rede de Pesquisa Solid\u00e1ria, o desencontro entre as autoridades respons\u00e1veis pelo enfrentamento da pandemia e a falta de informa\u00e7\u00e3o sobre o uso correto das m\u00e1scaras t\u00eam contribu\u00eddo para a manuten\u00e7\u00e3o de n\u00edveis elevados de risco de cont\u00e1gio na maioria dos estados.<\/p>\n\n\n\n<p>\u201cA orienta\u00e7\u00e3o para usar m\u00e1scaras nunca foi transmitida para a popula\u00e7\u00e3o com a clareza necess\u00e1ria, e basta ver como as autoridades se confundem ao us\u00e1-las em p\u00fablico sem respeitar regras b\u00e1sicas para fazer isso com seguran\u00e7a\u201d, afirma a cientista pol\u00edtica Lorena Barberia, uma das coordenadoras do grupo.<\/p>\n\n\n\n<p>Levantamento feito pelos pesquisadores mostra que apenas 13 estados determinaram o uso obrigat\u00f3rio de m\u00e1scaras em abril. Outros 11 estados, entre eles S\u00e3o Paulo, tomaram a medida somente em maio. Tr\u00eas, incluindo o Rio de Janeiro, s\u00f3 o fizeram em junho, tr\u00eas meses ap\u00f3s o in\u00edcio da pandemia.<\/p>\n\n\n\n<p>O Congresso aprovou em maio uma lei para tornar a prote\u00e7\u00e3o obrigat\u00f3ria, mas Bolsonaro vetou dezenas de dispositivos ao sancionar a lei em julho, enfraquecendo-a.<\/p>\n\n\n\n<p>O Legislativo s\u00f3 derrubou os vetos na semana passada, cinco meses ap\u00f3s o registro da primeira morte por Covid-19 no Brasil.<\/p>\n\n\n\n<p>As m\u00e1scaras s\u00e3o recomendadas pelos especialistas desde o in\u00edcio da pandemia porque s\u00e3o um instrumento barato e eficaz para conter o ritmo de cont\u00e1gio da popula\u00e7\u00e3o. Elas permitem diminuir a dissemina\u00e7\u00e3o de got\u00edculas de saliva no ar, principal meio de propaga\u00e7\u00e3o do v\u00edrus respons\u00e1vel pela Covid-19.<\/p>\n\n\n\n<p>Estimativas do Instituto de Avalia\u00e7\u00e3o e M\u00e9tricas de Sa\u00fade, da Universidade de Washington, nos Estados Unidos, sugerem que o uso de m\u00e1scaras por 95% da popula\u00e7\u00e3o brasileira poderia evitar 25 mil mortes at\u00e9 o fim do ano, equivalentes a mais de um quinto das mortes causadas pelo v\u00edrus no pa\u00eds at\u00e9 agora.<\/p>\n\n\n\n<p>Pesquisa realizada pelo Datafolha na segunda semana de agosto captou sinais contradit\u00f3rios sobre a ades\u00e3o da popula\u00e7\u00e3o brasileira \u00e0 determina\u00e7\u00e3o das autoridades: 92% dos brasileiros dizem que usam as m\u00e1scaras sempre que est\u00e3o nas ruas, mas s\u00f3 52% veem as outras pessoas fazendo a mesma coisa.<\/p>\n\n\n\n<p>Na avalia\u00e7\u00e3o do grupo ligado \u00e0 Rede de Pesquisa Solid\u00e1ria, a contradi\u00e7\u00e3o \u00e9 um reflexo da falta de coordena\u00e7\u00e3o das autoridades e da desorienta\u00e7\u00e3o das pessoas. \u201cAs mensagens conflitivas dos governantes alimentaram descr\u00e9dito na efic\u00e1cia das m\u00e1scaras e causaram muita confus\u00e3o\u201d, afirma Barberia.<\/p>\n\n\n\n<p>Na maioria dos estados, o uso de m\u00e1scaras tornou-se obrigat\u00f3rio quando as autoridades se preparavam para autorizar a reabertura do com\u00e9rcio e a retomada de atividades econ\u00f4micas n\u00e3o essenciais, relaxando as medidas de distanciamento social adotadas para conter o v\u00edrus no in\u00edcio da pandemia.<\/p>\n\n\n\n<p>Um \u00edndice calculado pelo grupo para medir o grau de rigidez das pol\u00edticas adotadas pelos estados na quarentena mostra que o rigor era maior quando as m\u00e1scaras n\u00e3o eram obrigat\u00f3rias -numa escala de 0 a 100, o \u00edndice caiu de 62 para 57 nos primeiros estados a determinar o uso das m\u00e1scaras, em abril.<\/p>\n\n\n\n<p>Para os pesquisadores, isso tamb\u00e9m contribuiu para torn\u00e1-las menos eficazes. Segundo o Instituto de Sa\u00fade Global da Universidade Harvard, dos EUA, quase todos os estados brasileiros apresentavam na semana passada n\u00edveis de cont\u00e1gio mais elevados do que na \u00e9poca em que adotaram as m\u00e1scaras.<\/p>\n\n\n\n<p>Lan\u00e7ada em abril, a Rede de Pesquisa Solid\u00e1ria articula dezenas de pesquisadores de institui\u00e7\u00f5es acad\u00eamicas p\u00fablicas e privadas, como a USP e o Cebrap (Centro Brasileiro de An\u00e1lise e Planejamento). Os boletins semanais que eles t\u00eam produzido est\u00e3o dispon\u00edveis no site do grupo.<\/p>\n","protected":false},"excerpt":{"rendered":"<p>Na avalia\u00e7\u00e3o do grupo, que faz parte da Rede de Pesquisa Solid\u00e1ria, o desencontro entre as autoridades respons\u00e1veis pelo enfrentamento da pandemia e a falta&hellip; <\/p>\n","protected":false},"author":2,"featured_media":185232,"comment_status":"closed","ping_status":"closed","sticky":false,"template":"","format":"standard","meta":{"sfsi_plus_gutenberg_text_before_share":"","sfsi_plus_gutenberg_show_text_before_share":"","sfsi_plus_gutenberg_icon_type":"","sfsi_plus_gutenberg_icon_alignemt":"","sfsi_plus_gutenburg_max_per_row":"","footnotes":""},"categories":[50,2],"tags":[],"class_list":["post-185231","post","type-post","status-publish","format-standard","has-post-thumbnail","hentry","category-destaque","category-geral"],"_links":{"self":[{"href":"https:\/\/www.caririemacao.com\/1\/wp-json\/wp\/v2\/posts\/185231","targetHints":{"allow":["GET"]}}],"collection":[{"href":"https:\/\/www.caririemacao.com\/1\/wp-json\/wp\/v2\/posts"}],"about":[{"href":"https:\/\/www.caririemacao.com\/1\/wp-json\/wp\/v2\/types\/post"}],"author":[{"embeddable":true,"href":"https:\/\/www.caririemacao.com\/1\/wp-json\/wp\/v2\/users\/2"}],"replies":[{"embeddable":true,"href":"https:\/\/www.caririemacao.com\/1\/wp-json\/wp\/v2\/comments?post=185231"}],"version-history":[{"count":1,"href":"https:\/\/www.caririemacao.com\/1\/wp-json\/wp\/v2\/posts\/185231\/revisions"}],"predecessor-version":[{"id":185233,"href":"https:\/\/www.caririemacao.com\/1\/wp-json\/wp\/v2\/posts\/185231\/revisions\/185233"}],"wp:featuredmedia":[{"embeddable":true,"href":"https:\/\/www.caririemacao.com\/1\/wp-json\/wp\/v2\/media\/185232"}],"wp:attachment":[{"href":"https:\/\/www.caririemacao.com\/1\/wp-json\/wp\/v2\/media?parent=185231"}],"wp:term":[{"taxonomy":"category","embeddable":true,"href":"https:\/\/www.caririemacao.com\/1\/wp-json\/wp\/v2\/categories?post=185231"},{"taxonomy":"post_tag","embeddable":true,"href":"https:\/\/www.caririemacao.com\/1\/wp-json\/wp\/v2\/tags?post=185231"}],"curies":[{"name":"wp","href":"https:\/\/api.w.org\/{rel}","templated":true}]}}