{"id":185235,"date":"2020-08-25T06:30:56","date_gmt":"2020-08-25T09:30:56","guid":{"rendered":"https:\/\/www.caririemacao.com\/1\/?p=185235"},"modified":"2020-08-25T06:30:56","modified_gmt":"2020-08-25T09:30:56","slug":"covid-19-brasil-tem-1153-mil-mortes-e-362-milhoes-de-casos","status":"publish","type":"post","link":"https:\/\/www.caririemacao.com\/1\/2020\/08\/25\/covid-19-brasil-tem-1153-mil-mortes-e-362-milhoes-de-casos\/","title":{"rendered":"Covid-19: Brasil tem 115,3 mil mortes e 3,62 milh\u00f5es de casos"},"content":{"rendered":"\n<h2 class=\"wp-block-heading\"><\/h2>\n\n\n\n<p>O n\u00famero de mortes em fun\u00e7\u00e3o da pandemia do novo coronav\u00edrus chegou a 115.309. Nas \u00faltimas 24 horas, foram 565 novas vidas perdidas registradas pelas secretarias estaduais de sa\u00fade.&nbsp;Ontem&nbsp;o painel trazia 114.744 falecimentos. Os dados foram apresentados no balan\u00e7o di\u00e1rio do Minist\u00e9rio da Sa\u00fade, divulgado na noite desta&nbsp;segunda-feira (24).<img decoding=\"async\" data-src=\"https:\/\/agenciabrasil.ebc.com.br\/ebc.png?id=1314668&amp;o=node\" src=\"data:image\/svg+xml;base64,PHN2ZyB3aWR0aD0iMSIgaGVpZ2h0PSIxIiB4bWxucz0iaHR0cDovL3d3dy53My5vcmcvMjAwMC9zdmciPjwvc3ZnPg==\" class=\"lazyload\"><img decoding=\"async\" data-src=\"https:\/\/agenciabrasil.ebc.com.br\/ebc.gif?id=1314668&amp;o=node\" src=\"data:image\/svg+xml;base64,PHN2ZyB3aWR0aD0iMSIgaGVpZ2h0PSIxIiB4bWxucz0iaHR0cDovL3d3dy53My5vcmcvMjAwMC9zdmciPjwvc3ZnPg==\" class=\"lazyload\"><\/p>\n\n\n\n<p>Ainda conforme a atualiza\u00e7\u00e3o do minist\u00e9rio, o total de casos confirmados acumulados chegou a 3.622.861. Entre&nbsp;ontem&nbsp;e&nbsp;hoje, foram acrescidos \u00e0s estat\u00edsticas 17.078 novos casos.&nbsp;Ontem&nbsp;o sistema do Minist\u00e9rio da Sa\u00fade marcava 3.605.783 pessoas infectadas desde o in\u00edcio da pandemia.&nbsp;A atualiza\u00e7\u00e3o registrou ainda 728.843 pessoas em acompanhamento e outras 2.778.709 que j\u00e1 se recuperaram.<\/p>\n\n\n\n<figure class=\"wp-block-image\"><img decoding=\"async\" data-src=\"https:\/\/imagens.ebc.com.br\/TGbcBCB5cFaHsUwrnsliUgTaCDw=\/754x0\/smart\/https:\/\/agenciabrasil.ebc.com.br\/sites\/default\/files\/thumbnails\/image\/whatsapp_image_2020-08-24_at_19.12.51.jpeg?itok=6cjYiwkE\" alt=\"Balan\u00e7o do Minist\u00e9rio da Sa\u00fade mostra dados do novo coronav\u00edrus em 24\/08\/2020\" title=\"Divulga\u00e7\u00e3o\/ Minist\u00e9rio da Sa\u00fade\" src=\"data:image\/svg+xml;base64,PHN2ZyB3aWR0aD0iMSIgaGVpZ2h0PSIxIiB4bWxucz0iaHR0cDovL3d3dy53My5vcmcvMjAwMC9zdmciPjwvc3ZnPg==\" class=\"lazyload\" \/><\/figure>\n\n\n\n<h6 class=\"wp-block-heading\">Balan\u00e7o do Minist\u00e9rio da Sa\u00fade mostra dados do novo coronav\u00edrus em 24\/08\/2020 &#8211;&nbsp;<strong>Divulga\u00e7\u00e3o\/ Minist\u00e9rio da Sa\u00fade<\/strong><\/h6>\n\n\n\n<p>As estat\u00edsticas s\u00e3o menores aos domingos e segundas-feiras em raz\u00e3o da dificuldade de alimenta\u00e7\u00e3o dos dados pelas secretarias de sa\u00fade aos fins de semana. J\u00e1 \u00e0s&nbsp;ter\u00e7as-feiras h\u00e1 tend\u00eancia de n\u00fameros maiores em fun\u00e7\u00e3o do ac\u00famulo de registros que s\u00e3o enviados ao sistema do Minist\u00e9rio da Sa\u00fade.<\/p>\n\n\n\n<p>A taxa de letalidade (n\u00famero de mortes pelo total de casos) ficou em 3,2%. A mortalidade (quantidade de \u00f3bitos por 100 mil habitantes) atingiu 54,7. A incid\u00eancia dos casos de covid-19 por 100 mil habitantes \u00e9 de 1724.<\/p>\n\n\n\n<h2 class=\"wp-block-heading\">Estados<\/h2>\n\n\n\n<p>Os estados com mais mortes registradas foram S\u00e3o Paulo (28.505), Rio&nbsp;de Janeiro&nbsp;(15.392), Cear\u00e1 (8.292), Pernambuco (7.399) e Par\u00e1 (6.062). As unidades da federa\u00e7\u00e3o com menos \u00f3bitos s\u00e3o Tocantins (593), Roraima (579), Acre (604), Amap\u00e1 (637) e Mato Grosso do Sul (749).<\/p>\n","protected":false},"excerpt":{"rendered":"<p>O n\u00famero de mortes em fun\u00e7\u00e3o da pandemia do novo coronav\u00edrus chegou a 115.309. Nas \u00faltimas 24 horas, foram 565 novas vidas perdidas registradas pelas&hellip; <\/p>\n","protected":false},"author":2,"featured_media":185236,"comment_status":"closed","ping_status":"closed","sticky":false,"template":"","format":"standard","meta":{"sfsi_plus_gutenberg_text_before_share":"","sfsi_plus_gutenberg_show_text_before_share":"","sfsi_plus_gutenberg_icon_type":"","sfsi_plus_gutenberg_icon_alignemt":"","sfsi_plus_gutenburg_max_per_row":"","footnotes":""},"categories":[50,16],"tags":[],"class_list":["post-185235","post","type-post","status-publish","format-standard","has-post-thumbnail","hentry","category-destaque","category-saude"],"_links":{"self":[{"href":"https:\/\/www.caririemacao.com\/1\/wp-json\/wp\/v2\/posts\/185235","targetHints":{"allow":["GET"]}}],"collection":[{"href":"https:\/\/www.caririemacao.com\/1\/wp-json\/wp\/v2\/posts"}],"about":[{"href":"https:\/\/www.caririemacao.com\/1\/wp-json\/wp\/v2\/types\/post"}],"author":[{"embeddable":true,"href":"https:\/\/www.caririemacao.com\/1\/wp-json\/wp\/v2\/users\/2"}],"replies":[{"embeddable":true,"href":"https:\/\/www.caririemacao.com\/1\/wp-json\/wp\/v2\/comments?post=185235"}],"version-history":[{"count":1,"href":"https:\/\/www.caririemacao.com\/1\/wp-json\/wp\/v2\/posts\/185235\/revisions"}],"predecessor-version":[{"id":185237,"href":"https:\/\/www.caririemacao.com\/1\/wp-json\/wp\/v2\/posts\/185235\/revisions\/185237"}],"wp:featuredmedia":[{"embeddable":true,"href":"https:\/\/www.caririemacao.com\/1\/wp-json\/wp\/v2\/media\/185236"}],"wp:attachment":[{"href":"https:\/\/www.caririemacao.com\/1\/wp-json\/wp\/v2\/media?parent=185235"}],"wp:term":[{"taxonomy":"category","embeddable":true,"href":"https:\/\/www.caririemacao.com\/1\/wp-json\/wp\/v2\/categories?post=185235"},{"taxonomy":"post_tag","embeddable":true,"href":"https:\/\/www.caririemacao.com\/1\/wp-json\/wp\/v2\/tags?post=185235"}],"curies":[{"name":"wp","href":"https:\/\/api.w.org\/{rel}","templated":true}]}}