{"id":185295,"date":"2020-08-25T09:02:17","date_gmt":"2020-08-25T12:02:17","guid":{"rendered":"https:\/\/www.caririemacao.com\/1\/?p=185295"},"modified":"2020-08-25T09:02:17","modified_gmt":"2020-08-25T12:02:17","slug":"apos-ameacar-jornalista-bolsonaro-se-diz-perseguido-pela-globo","status":"publish","type":"post","link":"https:\/\/www.caririemacao.com\/1\/2020\/08\/25\/apos-ameacar-jornalista-bolsonaro-se-diz-perseguido-pela-globo\/","title":{"rendered":"Ap\u00f3s amea\u00e7ar jornalista, Bolsonaro se diz perseguido pela Globo"},"content":{"rendered":"\n<h1 class=\"wp-block-heading\"><\/h1>\n\n\n\n<p>Nesta segunda-feira (24), o presidente Jair Bolsonaro (sem partido) se pronunciou, de forma obl\u00edqua, sobre o&nbsp;ataque verbal a um rep\u00f3rter&nbsp;do jornal&nbsp;<em>O Globo<\/em>. O presidente publicou nas redes sociais que vem sendo \u201cperseguido\u201d. \u201cH\u00e1 pelo menos 10 anos o sistema Globo me persegue e nada conseguiram provar contra mim\u201d, escreveu Bolsonaro. A publica\u00e7\u00e3o \u00e9 acompanhada de imagens de uma reportagem da&nbsp;<em>Record TV<\/em>&nbsp;sobre supostos repasses de Dario Messer, conhecido como \u201cdoleiro dos doleiros\u201d, \u00e0 fam\u00edlia Marinho. O Grupo Globo nega as acusa\u00e7\u00f5es.https:\/\/platform.twitter.com\/embed\/index.html?dnt=true&amp;embedId=twitter-widget-0&amp;frame=false&amp;hideCard=false&amp;hideThread=false&amp;id=1297832433237270528&amp;lang=pt&amp;origin=https%3A%2F%2Fparaibadebate.com.br%2Fapos-ameacar-jornalista-bolsonaro-se-diz-perseguido-pela-globo%2F&amp;theme=light&amp;widgetsVersion=223fc1c4%3A1596143124634&amp;width=550pxhttps:\/\/platform.twitter.com\/embed\/index.html?dnt=true&amp;embedId=twitter-widget-1&amp;frame=false&amp;hideCard=false&amp;hideThread=false&amp;id=1297908787693617154&amp;lang=pt&amp;origin=https%3A%2F%2Fparaibadebate.com.br%2Fapos-ameacar-jornalista-bolsonaro-se-diz-perseguido-pela-globo%2F&amp;theme=light&amp;widgetsVersion=223fc1c4%3A1596143124634&amp;width=550px<\/p>\n\n\n\n<h3 class=\"wp-block-heading\">O caso<\/h3>\n\n\n\n<p>Ao ser questionado, no domingo (23), sobre supostos dep\u00f3sitos feitos por Fabr\u00edcio Queiroz \u2014 ex-assessor de Fl\u00e1vio Bolsonaro (Republicanos-RJ) e investigado por um esquema de \u201crachadinha\u201d \u2014 na conta da primeira-dama, Michelle Bolsonaro, o presidente respondeu que tinha vontade de \u201cencher de porrada\u201d a boca do jornalista. A pergunta se referia a uma informa\u00e7\u00e3o divulgada no come\u00e7o do m\u00eas pela revista&nbsp;<em>Cruso\u00e9<\/em>, ap\u00f3s quebra do sigilo banc\u00e1rio de Queiroz, de que o ex-assessor&nbsp;repassou R$ 72 mil em cheques a Michelle Bolsonaro entre 2011 e 2016. Al\u00e9m disso, o jornal&nbsp;<em>Folha de S. Paulo<\/em>&nbsp;informou que M\u00e1rcia Aguiar, mulher de Queiroz, repassou R$ 17 mil para Michelle em 2011, totalizando, ao menos, R$ 89 mil depositados.<\/p>\n\n\n\n<p>O ataque de Bolsonaro desencadeou uma onda de protestos virtuais. Jornalistas e famosos, incluindo Bruna Marquezine e Caetano Veloso,&nbsp;publicaram nas redes sociais a pergunta feita pelo rep\u00f3rter d\u2019<em>O Globo<\/em>. A ame\u00e7a do presidente tamb\u00e9m foi repudiada por diversas entidades. A Associa\u00e7\u00e3o Brasileira de Jornalismo Investigativo (Abraji), por exemplo, disse que a rea\u00e7\u00e3o do chefe do Executivo \u201cfoi n\u00e3o apenas incompat\u00edvel com sua posi\u00e7\u00e3o no mais alto cargo da Rep\u00fablica, mas at\u00e9 mesmo com as regras de conviv\u00eancia em uma sociedade democr\u00e1tica. Um presidente amea\u00e7ar ou agredir fisicamente um jornalista \u00e9 pr\u00f3prio de ditaduras, n\u00e3o de democracias\u201d.<\/p>\n\n\n\n<p>J\u00e1 o Sindicado dos Jornalistas Profissionais do Distrito Federal (SJPDF) se solidarizou com o rep\u00f3rter e afirmou que \u201cestudar\u00e1 medidas judiciais cab\u00edveis contra o presidente da Rep\u00fablica por este crime\u201d.Questionado, nesta segunda, sobre o epis\u00f3dio, o vice-presidente, Hamilton Mour\u00e3o (PRTB), alegou que&nbsp;\u201ccoisas pessoais do presidente n\u00e3o competem\u201d a ele. \u201cEu n\u00e3o comento essas coias. Eu n\u00e3o estava junto, n\u00e3o sei. Deixa para l\u00e1 isso a\u00ed\u201d, respondeu. O presidente da C\u00e2mara, Rodrigo Maia (DEM-RJ), e o ministro Gilmar Mendes, do Supremo Tribunal Federal (STF), repudiaram as declara\u00e7\u00f5es e&nbsp;defenderam a liberdade de imprensa. Filho do presidente, o vereador Carlos Bolsonaro (Republicanos)&nbsp;postou o v\u00eddeo nas redes sociais, acompanhado do vers\u00edculo b\u00edblico \u201ce conhecereis a verdade e a verdade vos libertar\u00e1\u201d.<\/p>\n","protected":false},"excerpt":{"rendered":"<p>Nesta segunda-feira (24), o presidente Jair Bolsonaro (sem partido) se pronunciou, de forma obl\u00edqua, sobre o&nbsp;ataque verbal a um rep\u00f3rter&nbsp;do jornal&nbsp;O Globo. O presidente publicou&hellip; <\/p>\n","protected":false},"author":2,"featured_media":185296,"comment_status":"closed","ping_status":"closed","sticky":false,"template":"","format":"standard","meta":{"sfsi_plus_gutenberg_text_before_share":"","sfsi_plus_gutenberg_show_text_before_share":"","sfsi_plus_gutenberg_icon_type":"","sfsi_plus_gutenberg_icon_alignemt":"","sfsi_plus_gutenburg_max_per_row":"","footnotes":""},"categories":[11],"tags":[],"class_list":["post-185295","post","type-post","status-publish","format-standard","has-post-thumbnail","hentry","category-politica"],"_links":{"self":[{"href":"https:\/\/www.caririemacao.com\/1\/wp-json\/wp\/v2\/posts\/185295","targetHints":{"allow":["GET"]}}],"collection":[{"href":"https:\/\/www.caririemacao.com\/1\/wp-json\/wp\/v2\/posts"}],"about":[{"href":"https:\/\/www.caririemacao.com\/1\/wp-json\/wp\/v2\/types\/post"}],"author":[{"embeddable":true,"href":"https:\/\/www.caririemacao.com\/1\/wp-json\/wp\/v2\/users\/2"}],"replies":[{"embeddable":true,"href":"https:\/\/www.caririemacao.com\/1\/wp-json\/wp\/v2\/comments?post=185295"}],"version-history":[{"count":1,"href":"https:\/\/www.caririemacao.com\/1\/wp-json\/wp\/v2\/posts\/185295\/revisions"}],"predecessor-version":[{"id":185297,"href":"https:\/\/www.caririemacao.com\/1\/wp-json\/wp\/v2\/posts\/185295\/revisions\/185297"}],"wp:featuredmedia":[{"embeddable":true,"href":"https:\/\/www.caririemacao.com\/1\/wp-json\/wp\/v2\/media\/185296"}],"wp:attachment":[{"href":"https:\/\/www.caririemacao.com\/1\/wp-json\/wp\/v2\/media?parent=185295"}],"wp:term":[{"taxonomy":"category","embeddable":true,"href":"https:\/\/www.caririemacao.com\/1\/wp-json\/wp\/v2\/categories?post=185295"},{"taxonomy":"post_tag","embeddable":true,"href":"https:\/\/www.caririemacao.com\/1\/wp-json\/wp\/v2\/tags?post=185295"}],"curies":[{"name":"wp","href":"https:\/\/api.w.org\/{rel}","templated":true}]}}