{"id":185299,"date":"2020-08-25T09:07:13","date_gmt":"2020-08-25T12:07:13","guid":{"rendered":"https:\/\/www.caririemacao.com\/1\/?p=185299"},"modified":"2020-08-25T09:07:13","modified_gmt":"2020-08-25T12:07:13","slug":"operacao-de-combate-ao-transporte-clandestino-apreende-veiculos-na-paraiba","status":"publish","type":"post","link":"https:\/\/www.caririemacao.com\/1\/2020\/08\/25\/operacao-de-combate-ao-transporte-clandestino-apreende-veiculos-na-paraiba\/","title":{"rendered":"Opera\u00e7\u00e3o de combate ao transporte clandestino apreende ve\u00edculos na Para\u00edba"},"content":{"rendered":"\n<h1 class=\"wp-block-heading\"><\/h1>\n\n\n\n<p>A Opera\u00e7\u00e3o Pascal, a\u00e7\u00e3o conjunta entre a Pol\u00edcia Rodovi\u00e1ria Federal (PRF) e a Ag\u00eancia Nacional de Transportes Terrestres (ANTT), iniciou na \u00faltima quinta-feira (20), com foco nas a\u00e7\u00f5es de combate ao transporte clandestino interestadual remunerado de passageiros e redu\u00e7\u00e3o dos acidentes de tr\u00e2nsito nas rodovias federais.<\/p>\n\n\n\n<p>A opera\u00e7\u00e3o est\u00e1 sendo desenvolvida com equipes de policiais rodovi\u00e1rios federais em conjunto com o Grupo Especializado de Combate ao Transporte Clandestino da ANTT que j\u00e1 apreenderam mais de 690 ve\u00edculos irregulares em todo o pa\u00eds.<img decoding=\"async\" data-src=\"https:\/\/paraibaonline.com.br\/wp-content\/uploads\/2020\/08\/prf-pb2108.jpg\" data-srcset=\"https:\/\/paraibaonline.com.br\/wp-content\/uploads\/2020\/08\/prf-pb2108.jpg 1280w, https:\/\/paraibaonline.com.br\/wp-content\/uploads\/2020\/08\/prf-pb2108-556x417.jpg 556w, https:\/\/paraibaonline.com.br\/wp-content\/uploads\/2020\/08\/prf-pb2108-883x662.jpg 883w, https:\/\/paraibaonline.com.br\/wp-content\/uploads\/2020\/08\/prf-pb2108-800x600.jpg 800w\" alt=\"\" src=\"data:image\/svg+xml;base64,PHN2ZyB3aWR0aD0iMSIgaGVpZ2h0PSIxIiB4bWxucz0iaHR0cDovL3d3dy53My5vcmcvMjAwMC9zdmciPjwvc3ZnPg==\" class=\"lazyload\"><\/p>\n\n\n\n<p>Na Para\u00edba, as equipes se concentram nos locais de grande fluxo de transporte interestadual, em munic\u00edpios estrat\u00e9gicos de maior sa\u00edda ou chegada de passageiros vindos dos estados vizinhos, abrangendo as cidades de Campina Grande, Queimadas, Alhandra e Mamanguape. Durante as fiscaliza\u00e7\u00f5es, as equipes j\u00e1 apreenderam quinze ve\u00edculos que realizavam transporte clandestino de passageiros.<\/p>\n\n\n\n<p>Os ve\u00edculos apresentaram diversas irregularidades, como para-brisas trincados, pneus sem condi\u00e7\u00f5es m\u00ednimas de seguran\u00e7a, sem extintor e\/ou sem lacre, motoristas sem o curso obrigat\u00f3rio para condu\u00e7\u00e3o do transporte coletivo de passageiros, entre outras irregularidades que comprometem a seguran\u00e7a no tr\u00e2nsito e o transporte de pessoas nas rodovias.<\/p>\n\n\n\n<p>As equipes da PRF e ANTT tamb\u00e9m interditaram um estabelecimento, localizado no munic\u00edpio de Queimadas, que realizava comercializa\u00e7\u00e3o de bilhetes de passagem de forma clandestina, sem qualquer autoriza\u00e7\u00e3o de funcionamento. O respons\u00e1vel pela empresa, bem como os condutores dos ve\u00edculos clandestinos responder\u00e3o pelo exerc\u00edcio irregular da fun\u00e7\u00e3o e\/ou atividade, previsto no art. 47 da Lei de Contraven\u00e7\u00f5es Penais, atrav\u00e9s Termo Circunstanciado de Ocorr\u00eancia (TCO) lavrado pela PRF.<\/p>\n\n\n\n<p>A presen\u00e7a ostensiva das equipes de fiscaliza\u00e7\u00e3o contribui para a redu\u00e7\u00e3o de acidentes nas rodovias federais, em virtude do aumento da seguran\u00e7a nos transportes de passageiros. O objetivo \u00e9 garantir a seguran\u00e7a dos usu\u00e1rios, alertando-os sobre a import\u00e2ncia na escolha de uma empresa regularizada, que inclusive cumpra com os protocolos sanit\u00e1rios necess\u00e1rios ao combate da Covid-19, diante do atual contexto de emerg\u00eancia na sa\u00fade p\u00fablica.<\/p>\n\n\n\n<p>A PRF e ANTT orientam aos usu\u00e1rios que, caso verifiquem a exist\u00eancia de ve\u00edculos que realizam transporte clandestino de passageiros nas rodovias federais, entrem em contato atrav\u00e9s dos telefones 191 (PRF) e 166 (ANTT).<\/p>\n","protected":false},"excerpt":{"rendered":"<p>A Opera\u00e7\u00e3o Pascal, a\u00e7\u00e3o conjunta entre a Pol\u00edcia Rodovi\u00e1ria Federal (PRF) e a Ag\u00eancia Nacional de Transportes Terrestres (ANTT), iniciou na \u00faltima quinta-feira (20), com&hellip; <\/p>\n","protected":false},"author":2,"featured_media":185300,"comment_status":"closed","ping_status":"closed","sticky":false,"template":"","format":"standard","meta":{"sfsi_plus_gutenberg_text_before_share":"","sfsi_plus_gutenberg_show_text_before_share":"","sfsi_plus_gutenberg_icon_type":"","sfsi_plus_gutenberg_icon_alignemt":"","sfsi_plus_gutenburg_max_per_row":"","footnotes":""},"categories":[2],"tags":[],"class_list":["post-185299","post","type-post","status-publish","format-standard","has-post-thumbnail","hentry","category-geral"],"_links":{"self":[{"href":"https:\/\/www.caririemacao.com\/1\/wp-json\/wp\/v2\/posts\/185299","targetHints":{"allow":["GET"]}}],"collection":[{"href":"https:\/\/www.caririemacao.com\/1\/wp-json\/wp\/v2\/posts"}],"about":[{"href":"https:\/\/www.caririemacao.com\/1\/wp-json\/wp\/v2\/types\/post"}],"author":[{"embeddable":true,"href":"https:\/\/www.caririemacao.com\/1\/wp-json\/wp\/v2\/users\/2"}],"replies":[{"embeddable":true,"href":"https:\/\/www.caririemacao.com\/1\/wp-json\/wp\/v2\/comments?post=185299"}],"version-history":[{"count":1,"href":"https:\/\/www.caririemacao.com\/1\/wp-json\/wp\/v2\/posts\/185299\/revisions"}],"predecessor-version":[{"id":185301,"href":"https:\/\/www.caririemacao.com\/1\/wp-json\/wp\/v2\/posts\/185299\/revisions\/185301"}],"wp:featuredmedia":[{"embeddable":true,"href":"https:\/\/www.caririemacao.com\/1\/wp-json\/wp\/v2\/media\/185300"}],"wp:attachment":[{"href":"https:\/\/www.caririemacao.com\/1\/wp-json\/wp\/v2\/media?parent=185299"}],"wp:term":[{"taxonomy":"category","embeddable":true,"href":"https:\/\/www.caririemacao.com\/1\/wp-json\/wp\/v2\/categories?post=185299"},{"taxonomy":"post_tag","embeddable":true,"href":"https:\/\/www.caririemacao.com\/1\/wp-json\/wp\/v2\/tags?post=185299"}],"curies":[{"name":"wp","href":"https:\/\/api.w.org\/{rel}","templated":true}]}}