{"id":185303,"date":"2020-08-25T09:12:07","date_gmt":"2020-08-25T12:12:07","guid":{"rendered":"https:\/\/www.caririemacao.com\/1\/?p=185303"},"modified":"2020-08-25T09:12:07","modified_gmt":"2020-08-25T12:12:07","slug":"paraiba-registra-171-novos-casos-de-covid-19-em-24h-total-de-mortes-chega-a-2-330-e-101-303-infectados","status":"publish","type":"post","link":"https:\/\/www.caririemacao.com\/1\/2020\/08\/25\/paraiba-registra-171-novos-casos-de-covid-19-em-24h-total-de-mortes-chega-a-2-330-e-101-303-infectados\/","title":{"rendered":"Para\u00edba registra 171 novos casos de covid-19 em 24h; total de mortes chega a 2.330 e 101.303 infectados"},"content":{"rendered":"\n<h1 class=\"wp-block-heading\"><\/h1>\n\n\n\n<p>A Para\u00edba registrou 171 novos casos de Covid-19 e 22 \u00f3bitos confirmados desde a \u00faltima atualiza\u00e7\u00e3o, 04 deles ocorridos nas \u00faltimas 24h. De acordo com o boletim epidemiol\u00f3gico da Secretaria de Estado da Sa\u00fade divulgado nesta segunda-feira (24), 101.303 pessoas j\u00e1 contra\u00edram a doen\u00e7a, 63.037 j\u00e1 se recuperaram e 2.330, infelizmente, faleceram.&nbsp;<\/p>\n\n\n\n<p>Confira abaixo:<\/p>\n\n\n\n<ul class=\"wp-block-list\"><li>Casos Confirmados: 101.303<\/li><li>Casos Descartados: 123.654<\/li><li>\u00d3bitos confirmados: 2.330<\/li><li>Casos recuperados: 63.037<\/li><li>Total de munic\u00edpios: 223<\/li><\/ul>\n\n\n\n<p>At\u00e9 o momento, 297.710 testes para diagn\u00f3stico da Covid-19 j\u00e1 foram realizados. O Sistema nacional de notifica\u00e7\u00e3o de casos apresentou instabilidade nos \u00faltimos dias, o que justifica a queda no n\u00famero de casos.<\/p>\n\n\n\n<p>A ocupa\u00e7\u00e3o total de leitos de UTI (adulto, pedi\u00e1trico e obst\u00e9trico) em todo o estado \u00e9 de 38%. Fazendo um recorte apenas dos leitos de UTI para adultos na Regi\u00e3o Metropolitana de Jo\u00e3o Pessoa, a taxa de ocupa\u00e7\u00e3o chega a 33%. Em Campina Grande est\u00e3o ocupados 32% dos leitos de UTI adulto e no sert\u00e3o 61% dos leitos de UTI para adultos.<\/p>\n\n\n\n<p>O \u00edndice de Isolamento Social foi de apenas 43,6%, considerado baixo em rela\u00e7\u00e3o \u00e0 meta de 70% e \u00e0 m\u00ednima de 50%.&nbsp;<\/p>\n\n\n\n<p>Os casos confirmados est\u00e3o distribu\u00eddos por todos os 223 munic\u00edpios paraibanos:<\/p>\n\n\n\n<p>\u00c1gua Branca (54); Aguiar (24); Alagoa Grande (914); Alagoa Nova (278); Alagoinha (933); Alcantil (59); Algod\u00e3o de Janda\u00edra (16); Alhandra (620); Amparo (17); Aparecida (78); Ara\u00e7agi (495); Arara (203); Araruna (234); Areia (411); Areia de Bara\u00fanas (11); Areial (48); Aroeiras (209); Assun\u00e7\u00e3o (45); Baia da Trai\u00e7\u00e3o (611); Bananeiras (293); Bara\u00fana (135); Barra de Santa Rosa (73); Barra de Santana (104); Barra de S\u00e3o Miguel (55); Bayeux (1727); Bel\u00e9m (1001); Bel\u00e9m do Brejo do Cruz (40); Bernardino Batista (9); Boa Ventura (6); Boa Vista (102); Bom Jesus (12); Bom Sucesso (23); Bonito de Santa F\u00e9 (38); Boqueir\u00e3o (371); Borborema (41); Brejo do Cruz (403); Brejo dos Santos (38); Caapor\u00e3 (938); Cabaceiras (64); Cabedelo (2680); Cachoeira dos \u00cdndios (99); Cacimba de Areia (9); Cacimba de Dentro (266); Cacimbas (46); Cai\u00e7ara (435); Cajazeiras (1585); Cajazeirinhas (34); Caldas Brand\u00e3o (243); Camala\u00fa (3); Campina Grande (12152); Capim (148); Cara\u00fabas (43); Carrapateira (50); Casserengue (336); Catingueira (17), Catol\u00e9 do Rocha (374); Caturit\u00e9 (102); Concei\u00e7\u00e3o (555); Condado (125); Conde (755); Congo (79); Coremas (131); Coxixola (34); Cruz do Esp\u00edrito Santo (286); Cubati (76); Cuit\u00e9 (186); Cuit\u00e9 de Mamanguape (119); Cuiteg\u00ed (400); Curral de Cima (28); Curral Velho (2), Dami\u00e3o (33); Desterro (54); Diamante (232); Dona In\u00eas (89); Duas Estradas (84); Emas (50); Esperan\u00e7a (486); Fagundes (108); Frei Martinho (10); Gado Bravo (97); Guarabira (3929); Gurinh\u00e9m (432); Gurj\u00e3o (30); Ibiara (76); Igaracy (11); Imaculada (57); Ing\u00e1 (1270); Itabaiana (1063); Itaporanga (322); Itapororoca (800); Itatuba (339); Jacara\u00fa (295); Jeric\u00f3 (36); Jo\u00e3o Pessoa (25819; Joca Claudino (15); Juarez T\u00e1vora (304); Juazeirinho (204); Junco do Serid\u00f3 (60); Juripiranga (464); Juru (133); Lagoa (6); Lagoa de Dentro (134); Lagoa Seca (684); Lastro (20); Livramento (103); Logradouro (145); Lucena (427); M\u00e3e d&#8217;\u00c1gua (19); Malta (108); Mamanguape (2227); Mana\u00edra (11); Marca\u00e7\u00e3o (370); Mari (1140); Mariz\u00f3polis (32); Massaranduba (323); Mataraca (210); Matinhas (72); Mato Grosso (17); Matureia (49); Mogeiro (196); Montadas (47); Monte Horebe (31); Monteiro (478); Mulungu (376); Natuba (63); Nazarezinho (39); Nova Floresta (69), Nova Olinda (15); Nova Palmeira (77); Olho D\u00b4\u00c1gua (40); Olivedos (95); Ouro Velho (2);&nbsp; Parari (5); Passagem (30); Patos (3505); Paulista (228); Pedra Branca (1); Pedra Lavrada (35); Pedras de Fogo (1284); Pedro R\u00e9gis (50); Pianc\u00f3 (178); Picu\u00ed (241); Pilar (381); Pil\u00f5es (108); Pil\u00f5ezinhos (276); Pirpirituba (310); Pitimbu (614); Pocinhos (165);&nbsp; Po\u00e7o Dantas (21); Po\u00e7o de Jos\u00e9 Moura (29); Pombal (532); Prata (7); Princesa Isabel (90); Puxinan\u00e3 (276);&nbsp; Queimadas (1142); Quixaba (34); Rem\u00edgio (244); Riach\u00e3o (75); Riach\u00e3o do Bacamarte (229);&nbsp; Riach\u00e3o do Po\u00e7o (92); Riacho de Santo Ant\u00f4nio (30); Riacho dos Cavalos (14); Rio Tinto (1089); Salgadinho (30); Salgado de S\u00e3o Felix (257); Santa Cec\u00edlia (74); Santa Cruz (58); Santa Helena (19); Santa In\u00eas (65);&nbsp; Santa Luzia (251); Santa Rita (2915); Santa Terezinha (54); Santana de Mangueira (9); Santana dos Garrotes (19); Santo Andr\u00e9 (13); S\u00e3o Bentinho (64); S\u00e3o Bento (1855); S\u00e3o Domingos (7); S\u00e3o Domingos do Cariri (53);&nbsp; S\u00e3o Francisco (34);&nbsp; S\u00e3o Jo\u00e3o do Cariri (102); S\u00e3o Jo\u00e3o do Rio do Peixe (279); S\u00e3o Jo\u00e3o do Tigre (12); S\u00e3o Jos\u00e9 da Lagoa Tapada (59); S\u00e3o Jos\u00e9 de Caiana (48); S\u00e3o Jos\u00e9 de Espinharas (63); S\u00e3o Jos\u00e9 de Piranhas (187); S\u00e3o Jos\u00e9 de Princesa (2); S\u00e3o Jos\u00e9 do Bonfim (59); S\u00e3o Jos\u00e9 do Brejo do Cruz (14); S\u00e3o Jos\u00e9 do Sabugi (236); S\u00e3o Jos\u00e9 dos Cordeiros (42); S\u00e3o Jos\u00e9 dos Ramos (251); S\u00e3o Mamede (45); S\u00e3o Miguel de Taipu (137); S\u00e3o Sebasti\u00e3o de Lagoa de Ro\u00e7a (237); S\u00e3o Sebasti\u00e3o do Umbuzeiro (19); S\u00e3o Vicente do Serid\u00f3 (49); Sap\u00e9 (1087); Serra Branca (163); Serra da Ra\u00edz (30); Serra Grande (11); Serra Redonda (261); Serraria (170); Sert\u00e3ozinho (283); Sobrado (189); Sol\u00e2nea (597); Soledade (164); Sossego (15), Sousa (1574); Sum\u00e9 (251); Tacima (123); Tapero\u00e1 (95); Tavares (145); Teixeira (166); Ten\u00f3rio (30); Triunfo (74); Uira\u00fana (138); Umbuzeiro (77); V\u00e1rzea (18); Vieir\u00f3polis (7); Vista Serrana (14), Zabel\u00ea (30).<\/p>\n","protected":false},"excerpt":{"rendered":"<p>A Para\u00edba registrou 171 novos casos de Covid-19 e 22 \u00f3bitos confirmados desde a \u00faltima atualiza\u00e7\u00e3o, 04 deles ocorridos nas \u00faltimas 24h. De acordo com&hellip; <\/p>\n","protected":false},"author":2,"featured_media":185304,"comment_status":"closed","ping_status":"closed","sticky":false,"template":"","format":"standard","meta":{"sfsi_plus_gutenberg_text_before_share":"","sfsi_plus_gutenberg_show_text_before_share":"","sfsi_plus_gutenberg_icon_type":"","sfsi_plus_gutenberg_icon_alignemt":"","sfsi_plus_gutenburg_max_per_row":"","footnotes":""},"categories":[2],"tags":[],"class_list":["post-185303","post","type-post","status-publish","format-standard","has-post-thumbnail","hentry","category-geral"],"_links":{"self":[{"href":"https:\/\/www.caririemacao.com\/1\/wp-json\/wp\/v2\/posts\/185303","targetHints":{"allow":["GET"]}}],"collection":[{"href":"https:\/\/www.caririemacao.com\/1\/wp-json\/wp\/v2\/posts"}],"about":[{"href":"https:\/\/www.caririemacao.com\/1\/wp-json\/wp\/v2\/types\/post"}],"author":[{"embeddable":true,"href":"https:\/\/www.caririemacao.com\/1\/wp-json\/wp\/v2\/users\/2"}],"replies":[{"embeddable":true,"href":"https:\/\/www.caririemacao.com\/1\/wp-json\/wp\/v2\/comments?post=185303"}],"version-history":[{"count":1,"href":"https:\/\/www.caririemacao.com\/1\/wp-json\/wp\/v2\/posts\/185303\/revisions"}],"predecessor-version":[{"id":185305,"href":"https:\/\/www.caririemacao.com\/1\/wp-json\/wp\/v2\/posts\/185303\/revisions\/185305"}],"wp:featuredmedia":[{"embeddable":true,"href":"https:\/\/www.caririemacao.com\/1\/wp-json\/wp\/v2\/media\/185304"}],"wp:attachment":[{"href":"https:\/\/www.caririemacao.com\/1\/wp-json\/wp\/v2\/media?parent=185303"}],"wp:term":[{"taxonomy":"category","embeddable":true,"href":"https:\/\/www.caririemacao.com\/1\/wp-json\/wp\/v2\/categories?post=185303"},{"taxonomy":"post_tag","embeddable":true,"href":"https:\/\/www.caririemacao.com\/1\/wp-json\/wp\/v2\/tags?post=185303"}],"curies":[{"name":"wp","href":"https:\/\/api.w.org\/{rel}","templated":true}]}}