{"id":185311,"date":"2020-08-25T10:15:02","date_gmt":"2020-08-25T13:15:02","guid":{"rendered":"https:\/\/www.caririemacao.com\/1\/?p=185311"},"modified":"2020-08-25T10:15:02","modified_gmt":"2020-08-25T13:15:02","slug":"monteiro-registra-152oc-menor-temperatura-da-paraiba-durante-fim-de-semana","status":"publish","type":"post","link":"https:\/\/www.caririemacao.com\/1\/2020\/08\/25\/monteiro-registra-152oc-menor-temperatura-da-paraiba-durante-fim-de-semana\/","title":{"rendered":"Monteiro registra 15,2\u00baC, menor temperatura da Para\u00edba durante fim de semana"},"content":{"rendered":"\n<h1 class=\"wp-block-heading\"><\/h1>\n\n\n\n<p>A cidade de Monteiro, no Cariri da Para\u00edba, registrou m\u00ednima de 15,2\u00baC neste s\u00e1bado (22), a menor temperatura do estado na \u2018onda hist\u00f3rica de frio\u2019 que atingiu o Brasil no \u00faltimo fim de semana, segundo o setor de Monitoramento da Ag\u00eancia Executiva de Gest\u00e3o das \u00c1guas do Estado (Aesa). A temperatura mais baixa do ano na Para\u00edba tamb\u00e9m foi registrada na cidade de Monteiro, 12,7\u00baC no dia 21 de julho.<\/p>\n\n\n\n<p>A&nbsp;Aesa j\u00e1 havia sinalizado que a frente fria iria chegar \u00e0 Para\u00edba de forma suave, com queda de apenas um ou dois graus na temperatura.<\/p>\n\n\n\n<p>No mesmo fim de semana, as temperaturas mais baixas em Jo\u00e3o Pessoa foram de 21,9\u00baC e 22,6\u00baC, no s\u00e1bado e domingo, respectivamente. J\u00e1 em Campina Grande, as m\u00ednimas da cidade foram de 19,1\u00baC e 19,7\u00baC, no s\u00e1bado e no domingo.<\/p>\n\n\n\n<p>O inverno teve in\u00edcio no dia 20 de junho e vai at\u00e9 o dia 22 de setembro. De acordo com a Aesa, nesta \u00e9poca do ano, \u00e9 comum o registro de temperaturas em torno dos 13 graus no Cariri paraibano. No m\u00eas de agosto, a menor temperatura foi na cidade de Cabaceiras, que teve 13,3\u00baC, no dia 12 de agosto. No dia 11 do mesmo m\u00eas, foi registrado 13,8\u00baC em Monteiro.<\/p>\n\n\n\n<p>Com a chegada da primavera, as temperaturas nas madrugadas ir\u00e3o subir gradativamente at\u00e9 a chegada do ver\u00e3o, em 21 de dezembro, segundo a Aesa.<\/p>\n","protected":false},"excerpt":{"rendered":"<p>A cidade de Monteiro, no Cariri da Para\u00edba, registrou m\u00ednima de 15,2\u00baC neste s\u00e1bado (22), a menor temperatura do estado na \u2018onda hist\u00f3rica de frio\u2019&hellip; <\/p>\n","protected":false},"author":2,"featured_media":185312,"comment_status":"closed","ping_status":"closed","sticky":false,"template":"","format":"standard","meta":{"sfsi_plus_gutenberg_text_before_share":"","sfsi_plus_gutenberg_show_text_before_share":"","sfsi_plus_gutenberg_icon_type":"","sfsi_plus_gutenberg_icon_alignemt":"","sfsi_plus_gutenburg_max_per_row":"","footnotes":""},"categories":[50,2],"tags":[],"class_list":["post-185311","post","type-post","status-publish","format-standard","has-post-thumbnail","hentry","category-destaque","category-geral"],"_links":{"self":[{"href":"https:\/\/www.caririemacao.com\/1\/wp-json\/wp\/v2\/posts\/185311","targetHints":{"allow":["GET"]}}],"collection":[{"href":"https:\/\/www.caririemacao.com\/1\/wp-json\/wp\/v2\/posts"}],"about":[{"href":"https:\/\/www.caririemacao.com\/1\/wp-json\/wp\/v2\/types\/post"}],"author":[{"embeddable":true,"href":"https:\/\/www.caririemacao.com\/1\/wp-json\/wp\/v2\/users\/2"}],"replies":[{"embeddable":true,"href":"https:\/\/www.caririemacao.com\/1\/wp-json\/wp\/v2\/comments?post=185311"}],"version-history":[{"count":1,"href":"https:\/\/www.caririemacao.com\/1\/wp-json\/wp\/v2\/posts\/185311\/revisions"}],"predecessor-version":[{"id":185313,"href":"https:\/\/www.caririemacao.com\/1\/wp-json\/wp\/v2\/posts\/185311\/revisions\/185313"}],"wp:featuredmedia":[{"embeddable":true,"href":"https:\/\/www.caririemacao.com\/1\/wp-json\/wp\/v2\/media\/185312"}],"wp:attachment":[{"href":"https:\/\/www.caririemacao.com\/1\/wp-json\/wp\/v2\/media?parent=185311"}],"wp:term":[{"taxonomy":"category","embeddable":true,"href":"https:\/\/www.caririemacao.com\/1\/wp-json\/wp\/v2\/categories?post=185311"},{"taxonomy":"post_tag","embeddable":true,"href":"https:\/\/www.caririemacao.com\/1\/wp-json\/wp\/v2\/tags?post=185311"}],"curies":[{"name":"wp","href":"https:\/\/api.w.org\/{rel}","templated":true}]}}