{"id":185315,"date":"2020-08-25T10:17:06","date_gmt":"2020-08-25T13:17:06","guid":{"rendered":"https:\/\/www.caririemacao.com\/1\/?p=185315"},"modified":"2020-08-25T10:17:06","modified_gmt":"2020-08-25T13:17:06","slug":"energisa-investe-r-1-milhao-e-conclui-obras-de-melhoria-na-subestacao-de-soledade","status":"publish","type":"post","link":"https:\/\/www.caririemacao.com\/1\/2020\/08\/25\/energisa-investe-r-1-milhao-e-conclui-obras-de-melhoria-na-subestacao-de-soledade\/","title":{"rendered":"Energisa investe R$ 1 milh\u00e3o e conclui obras de melhoria na subesta\u00e7\u00e3o de Soledade"},"content":{"rendered":"\n<h1 class=\"wp-block-heading\"><\/h1>\n\n\n\n<hr class=\"wp-block-separator\"\/>\n\n\n\n<p>Recentemente, a Energisa concluiu mais uma obra de melhoria no fornecimento de energia el\u00e9trica na Para\u00edba. Desta vez, as melhorias aconteceram na subesta\u00e7\u00e3o da cidade de Soledade. Foram investidos mais de R$ 1 milh\u00e3o, com recursos pr\u00f3prios, para dar ainda mais confiabilidade e seguran\u00e7a no fornecimento de energia el\u00e9trica dessa regi\u00e3o. Cerca de 35 mil clientes das cidades de Soledade e Olivedos, assim como moradores da zona rural, foram contemplados com as benfeitorias.<\/p>\n\n\n\n<p>As obras j\u00e1 est\u00e3o em pleno funcionamento. Al\u00e9m dos clientes residenciais e comerciais, as melhorias tamb\u00e9m contemplam um total de 123 \u00f3rg\u00e3os p\u00fablicos, municipais e estaduais, inclusive unidades de fornecimento de \u00e1gua da Cagepa. \u201cA prioridade da Energisa \u00e9 fornecer cada vez mais um servi\u00e7o melhor aos clientes e garantir uma oferta de energia permanente e segura, levando conforto e bem-estar \u00e0 popula\u00e7\u00e3o\u201d, comenta Danielly Formiga, gerente de constru\u00e7\u00e3o e manuten\u00e7\u00e3o da distribui\u00e7\u00e3o, da Energisa.<\/p>\n\n\n\n<p>S\u00f3 neste ano de 2020, o volume de investimentos em obras de transmiss\u00e3o na Para\u00edba \u00e9 de cerca R$ 30 milh\u00f5es, em melhorias, constru\u00e7\u00f5es de novas subesta\u00e7\u00f5es e amplia\u00e7\u00e3o de rede de distribui\u00e7\u00e3o em todas as regi\u00f5es do estado.<\/p>\n","protected":false},"excerpt":{"rendered":"<p>Recentemente, a Energisa concluiu mais uma obra de melhoria no fornecimento de energia el\u00e9trica na Para\u00edba. Desta vez, as melhorias aconteceram na subesta\u00e7\u00e3o da cidade&hellip; <\/p>\n","protected":false},"author":2,"featured_media":185316,"comment_status":"closed","ping_status":"closed","sticky":false,"template":"","format":"standard","meta":{"sfsi_plus_gutenberg_text_before_share":"","sfsi_plus_gutenberg_show_text_before_share":"","sfsi_plus_gutenberg_icon_type":"","sfsi_plus_gutenberg_icon_alignemt":"","sfsi_plus_gutenburg_max_per_row":"","footnotes":""},"categories":[50,2],"tags":[],"class_list":["post-185315","post","type-post","status-publish","format-standard","has-post-thumbnail","hentry","category-destaque","category-geral"],"_links":{"self":[{"href":"https:\/\/www.caririemacao.com\/1\/wp-json\/wp\/v2\/posts\/185315","targetHints":{"allow":["GET"]}}],"collection":[{"href":"https:\/\/www.caririemacao.com\/1\/wp-json\/wp\/v2\/posts"}],"about":[{"href":"https:\/\/www.caririemacao.com\/1\/wp-json\/wp\/v2\/types\/post"}],"author":[{"embeddable":true,"href":"https:\/\/www.caririemacao.com\/1\/wp-json\/wp\/v2\/users\/2"}],"replies":[{"embeddable":true,"href":"https:\/\/www.caririemacao.com\/1\/wp-json\/wp\/v2\/comments?post=185315"}],"version-history":[{"count":1,"href":"https:\/\/www.caririemacao.com\/1\/wp-json\/wp\/v2\/posts\/185315\/revisions"}],"predecessor-version":[{"id":185317,"href":"https:\/\/www.caririemacao.com\/1\/wp-json\/wp\/v2\/posts\/185315\/revisions\/185317"}],"wp:featuredmedia":[{"embeddable":true,"href":"https:\/\/www.caririemacao.com\/1\/wp-json\/wp\/v2\/media\/185316"}],"wp:attachment":[{"href":"https:\/\/www.caririemacao.com\/1\/wp-json\/wp\/v2\/media?parent=185315"}],"wp:term":[{"taxonomy":"category","embeddable":true,"href":"https:\/\/www.caririemacao.com\/1\/wp-json\/wp\/v2\/categories?post=185315"},{"taxonomy":"post_tag","embeddable":true,"href":"https:\/\/www.caririemacao.com\/1\/wp-json\/wp\/v2\/tags?post=185315"}],"curies":[{"name":"wp","href":"https:\/\/api.w.org\/{rel}","templated":true}]}}