{"id":185327,"date":"2020-08-25T13:44:59","date_gmt":"2020-08-25T16:44:59","guid":{"rendered":"https:\/\/www.caririemacao.com\/1\/?p=185327"},"modified":"2020-08-25T13:44:59","modified_gmt":"2020-08-25T16:44:59","slug":"camara-de-vereadores-de-sume-aprova-projetos-e-requerimentos","status":"publish","type":"post","link":"https:\/\/www.caririemacao.com\/1\/2020\/08\/25\/camara-de-vereadores-de-sume-aprova-projetos-e-requerimentos\/","title":{"rendered":"C\u00e2mara de Vereadores de Sum\u00e9 aprova projetos e requerimentos"},"content":{"rendered":"\n<h1 class=\"wp-block-heading\"><\/h1>\n\n\n\n<p>Na noite da \u00faltima quarta-feira (19), aconteceu a reuni\u00e3o da C\u00e2mara de Vereadores de Sum\u00e9.<\/p>\n\n\n\n<p>Foi aprovado o Projeto de Lei 610\/2020 de autoria do Poder Executivo que denomina de Leonardo Guilherme a Pra\u00e7a a ser constru\u00edda no bairro de V\u00e1rzea Redonda.<\/p>\n\n\n\n<p>Foi aprovado o Projeto de Lei n\u00ba 612\/2020 de autoria do vereador Jos\u00e9 Ant\u00f4nio, que denomina de Jos\u00e9 Alves Martins (Cazuza), a pista do cooper a ser constru\u00edda as margens da PB 214.<\/p>\n\n\n\n<p>Jose Ant\u00f4nio apresentou ainda, indica\u00e7\u00e3o para que o munic\u00edpio analise a possibilidade de custear as despesas de contabilidade das associa\u00e7\u00f5es.<\/p>\n\n\n\n<p>O Vereador Ant\u00f4nio Carlos apresentou requerimento solicitando o conserto do mini campo na comunidade de Cai\u00e7ara (Nivaldo).<\/p>\n\n\n\n<p>Antonio Carlos solicitou que seja realizada manuten\u00e7\u00e3o no campo de futebol na comunidade de Pau D\u2019arco. O vereador solicitou tamb\u00e9m, a constru\u00e7\u00e3o de passagem molhada para as comunidades de Cabe\u00e7a Branca e D\u2019arco.<\/p>\n\n\n\n<p>Antonio Carlos requereu a constru\u00e7\u00e3o de um mata-burro na estrada da Fazenda Riacho da Ro\u00e7a de propriedade do senhor Marcos Paulino, para facilitar a entrada dos moradores naquela comunidade.<\/p>\n\n\n\n<p>Antonio Carlos solicitou a Instala\u00e7\u00e3o de c\u00e2mara de seguran\u00e7a para Pra\u00e7a do Pio X.<\/p>\n\n\n\n<p>Foi aprovado o Projeto de autoria do vereador Ant\u00f4nio Carlos que denomina de Jos\u00e9 Luiz da Costa, a Pra\u00e7a a ser constru\u00edda no Bairro do Mandacaru, ao lado da Rua Manoel Mendon\u00e7a.<\/p>\n\n\n\n<p>Foi aprovada uma emenda modificativa que autoriza o Poder Executivo a conceder incentivo tempor\u00e1rio e transit\u00f3rio aos servidores que exercem atividades presenciais de enfrentamento ao covid-19, com a altera\u00e7\u00e3o o servidor que faltar por mais de tr\u00eas dias, integral ou parcial, durante o m\u00eas, mesmo que justificadamente n\u00e3o far\u00e1 jus a concess\u00e3o do incentivo, exceto aqueles que faltarem em decorr\u00eancia de contagio do covid-19.<\/p>\n\n\n\n<p>O vereador Juan Pereira apresentou voto de pesar a fam\u00edlia do deputado estadual Genival Matias.<\/p>\n\n\n\n<p>O vereador Sabugo apresentou solicita\u00e7\u00e3o para que a Prefeitura realiza a complementa\u00e7\u00e3o do cal\u00e7amento localizado na Rua Severino Galdino, pr\u00f3ximo a UFCG.<\/p>\n\n\n\n<p>Ascom\/C\u00e2mara<\/p>\n","protected":false},"excerpt":{"rendered":"<p>Na noite da \u00faltima quarta-feira (19), aconteceu a reuni\u00e3o da C\u00e2mara de Vereadores de Sum\u00e9. Foi aprovado o Projeto de Lei 610\/2020 de autoria do&hellip; <\/p>\n","protected":false},"author":2,"featured_media":185328,"comment_status":"closed","ping_status":"closed","sticky":false,"template":"","format":"standard","meta":{"sfsi_plus_gutenberg_text_before_share":"","sfsi_plus_gutenberg_show_text_before_share":"","sfsi_plus_gutenberg_icon_type":"","sfsi_plus_gutenberg_icon_alignemt":"","sfsi_plus_gutenburg_max_per_row":"","footnotes":""},"categories":[6],"tags":[],"class_list":["post-185327","post","type-post","status-publish","format-standard","has-post-thumbnail","hentry","category-cidades"],"_links":{"self":[{"href":"https:\/\/www.caririemacao.com\/1\/wp-json\/wp\/v2\/posts\/185327","targetHints":{"allow":["GET"]}}],"collection":[{"href":"https:\/\/www.caririemacao.com\/1\/wp-json\/wp\/v2\/posts"}],"about":[{"href":"https:\/\/www.caririemacao.com\/1\/wp-json\/wp\/v2\/types\/post"}],"author":[{"embeddable":true,"href":"https:\/\/www.caririemacao.com\/1\/wp-json\/wp\/v2\/users\/2"}],"replies":[{"embeddable":true,"href":"https:\/\/www.caririemacao.com\/1\/wp-json\/wp\/v2\/comments?post=185327"}],"version-history":[{"count":1,"href":"https:\/\/www.caririemacao.com\/1\/wp-json\/wp\/v2\/posts\/185327\/revisions"}],"predecessor-version":[{"id":185329,"href":"https:\/\/www.caririemacao.com\/1\/wp-json\/wp\/v2\/posts\/185327\/revisions\/185329"}],"wp:featuredmedia":[{"embeddable":true,"href":"https:\/\/www.caririemacao.com\/1\/wp-json\/wp\/v2\/media\/185328"}],"wp:attachment":[{"href":"https:\/\/www.caririemacao.com\/1\/wp-json\/wp\/v2\/media?parent=185327"}],"wp:term":[{"taxonomy":"category","embeddable":true,"href":"https:\/\/www.caririemacao.com\/1\/wp-json\/wp\/v2\/categories?post=185327"},{"taxonomy":"post_tag","embeddable":true,"href":"https:\/\/www.caririemacao.com\/1\/wp-json\/wp\/v2\/tags?post=185327"}],"curies":[{"name":"wp","href":"https:\/\/api.w.org\/{rel}","templated":true}]}}