{"id":185340,"date":"2020-08-25T15:32:55","date_gmt":"2020-08-25T18:32:55","guid":{"rendered":"https:\/\/www.caririemacao.com\/1\/?p=185340"},"modified":"2020-08-25T15:32:55","modified_gmt":"2020-08-25T18:32:55","slug":"vitalzinho-se-diz-surpreso-e-indignado-com-denuncia-na-nova-fase-da-lava-jato","status":"publish","type":"post","link":"https:\/\/www.caririemacao.com\/1\/2020\/08\/25\/vitalzinho-se-diz-surpreso-e-indignado-com-denuncia-na-nova-fase-da-lava-jato\/","title":{"rendered":"Vitalzinho se diz surpreso e indignado com den\u00fancia na nova fase da Lava Jato"},"content":{"rendered":"\n<h1 class=\"wp-block-heading\"><\/h1>\n\n\n\n<p>O ministro do Tribunal de Contas da Uni\u00e3o (TCU)&nbsp;Vital do R\u00eago&nbsp;se manifestou, nesta ter\u00e7a-feira (25), ap\u00f3s ser alvo de den\u00fancia da Opera\u00e7\u00e3o Lava Jato em meio \u00e0 sua 73\u00aa fase, denominada \u2018Ombro a Ombro\u2019. O ministro se disse \u2018indignado\u2019.<\/p>\n\n\n\n<p>Vitalzinho declarou, em nota, que o inqu\u00e9rito tramita h\u00e1 5 anos e que \u2018dois procuradores-gerais da Rep\u00fablica \u2013 Rodrigo Janot e Raquel Dodge \u2013 n\u00e3o vislumbraram elementos para formalizar o pedido de a\u00e7\u00e3o penal\u2019.<\/p>\n\n\n\n<p>Ainda de acordo com a nota, o inqu\u00e9rito foi aberto sem autoriza\u00e7\u00e3o do Supremo Tribunal Federal (STF).<\/p>\n\n\n\n<p><strong>Leia a nota:<\/strong><\/p>\n\n\n\n<p><em>\u2018O ministro Vital do R\u00eago foi surpreendido na manh\u00e3 de hoje com a not\u00edcia de que procuradores da For\u00e7a-Tarefa de Curitiba apresentaram den\u00fancia nos autos de inqu\u00e9rito judicial que tramita h\u00e1 quase cinco anos e que dois procuradores-gerais da Rep\u00fablica \u2013 Rodrigo Janot e Raquel Dodge \u2013 n\u00e3o vislumbraram elementos para formalizar o pedido de a\u00e7\u00e3o penal.<\/em><\/p>\n\n\n\n<p><em>Causa estranheza e indigna\u00e7\u00e3o o fato de que a den\u00fancia nasceu de um inqu\u00e9rito, aberto sem autoriza\u00e7\u00e3o do STF, Corte esta que ainda aprecia recurso contra a remessa da investiga\u00e7\u00e3o para Curitiba\/PR, em uma clara usurpa\u00e7\u00e3o da compet\u00eancia do Supremo Tribunal Federal.\u2019<\/em><\/p>\n\n\n\n<p><em>Wscom<\/em><\/p>\n","protected":false},"excerpt":{"rendered":"<p>O ministro do Tribunal de Contas da Uni\u00e3o (TCU)&nbsp;Vital do R\u00eago&nbsp;se manifestou, nesta ter\u00e7a-feira (25), ap\u00f3s ser alvo de den\u00fancia da Opera\u00e7\u00e3o Lava Jato em&hellip; <\/p>\n","protected":false},"author":2,"featured_media":185341,"comment_status":"closed","ping_status":"closed","sticky":false,"template":"","format":"standard","meta":{"sfsi_plus_gutenberg_text_before_share":"","sfsi_plus_gutenberg_show_text_before_share":"","sfsi_plus_gutenberg_icon_type":"","sfsi_plus_gutenberg_icon_alignemt":"","sfsi_plus_gutenburg_max_per_row":"","footnotes":""},"categories":[2],"tags":[],"class_list":["post-185340","post","type-post","status-publish","format-standard","has-post-thumbnail","hentry","category-geral"],"_links":{"self":[{"href":"https:\/\/www.caririemacao.com\/1\/wp-json\/wp\/v2\/posts\/185340","targetHints":{"allow":["GET"]}}],"collection":[{"href":"https:\/\/www.caririemacao.com\/1\/wp-json\/wp\/v2\/posts"}],"about":[{"href":"https:\/\/www.caririemacao.com\/1\/wp-json\/wp\/v2\/types\/post"}],"author":[{"embeddable":true,"href":"https:\/\/www.caririemacao.com\/1\/wp-json\/wp\/v2\/users\/2"}],"replies":[{"embeddable":true,"href":"https:\/\/www.caririemacao.com\/1\/wp-json\/wp\/v2\/comments?post=185340"}],"version-history":[{"count":1,"href":"https:\/\/www.caririemacao.com\/1\/wp-json\/wp\/v2\/posts\/185340\/revisions"}],"predecessor-version":[{"id":185342,"href":"https:\/\/www.caririemacao.com\/1\/wp-json\/wp\/v2\/posts\/185340\/revisions\/185342"}],"wp:featuredmedia":[{"embeddable":true,"href":"https:\/\/www.caririemacao.com\/1\/wp-json\/wp\/v2\/media\/185341"}],"wp:attachment":[{"href":"https:\/\/www.caririemacao.com\/1\/wp-json\/wp\/v2\/media?parent=185340"}],"wp:term":[{"taxonomy":"category","embeddable":true,"href":"https:\/\/www.caririemacao.com\/1\/wp-json\/wp\/v2\/categories?post=185340"},{"taxonomy":"post_tag","embeddable":true,"href":"https:\/\/www.caririemacao.com\/1\/wp-json\/wp\/v2\/tags?post=185340"}],"curies":[{"name":"wp","href":"https:\/\/api.w.org\/{rel}","templated":true}]}}