{"id":185345,"date":"2020-08-25T23:43:47","date_gmt":"2020-08-26T02:43:47","guid":{"rendered":"https:\/\/www.caririemacao.com\/1\/?p=185345"},"modified":"2020-08-25T23:43:47","modified_gmt":"2020-08-26T02:43:47","slug":"ex-presidente-da-camara-de-gurjao-anuncia-pre-candidatura-a-vereador","status":"publish","type":"post","link":"https:\/\/www.caririemacao.com\/1\/2020\/08\/25\/ex-presidente-da-camara-de-gurjao-anuncia-pre-candidatura-a-vereador\/","title":{"rendered":"Ex-presidente da C\u00e2mara de Gurj\u00e3o anuncia pr\u00e9-candidatura a vereador"},"content":{"rendered":"\n<p><br>As elei\u00e7\u00f5es municipais deste ano est\u00e3o atraindo um grande n\u00famero de pr\u00e9-candidatos, especialmente para o legislativo gurjaense.<\/p>\n\n\n\n<p>O ex-vereador e ex-presidente da C\u00e2mara Municipal de Vereadores de Gurj\u00e3o, Edvaldo Morais, mais conhecido como Val lan\u00e7ou sua pr\u00e9- candidatura a vereador com o discurso de fiscalizar e buscar sempre melhorias e qualidade de vida para comunidades.<\/p>\n\n\n\n<p>Ele diz que tem muita garra para continuar trabalhando pelos objetivos e anseios da comunidade, e batalhar com honestidade e trabalho com muitas propostas inovadoras, sem sair da sua ess\u00eancia batalhadora e humanit\u00e1ria.<\/p>\n\n\n\n<p>&#8220;Trabalhar para o povo, valorizando nossa gente, sempre ser\u00e1 minha valiosa e grata miss\u00e3o&#8221; finalizou.<\/p>\n","protected":false},"excerpt":{"rendered":"<p>As elei\u00e7\u00f5es municipais deste ano est\u00e3o atraindo um grande n\u00famero de pr\u00e9-candidatos, especialmente para o legislativo gurjaense. O ex-vereador e ex-presidente da C\u00e2mara Municipal de&hellip; <\/p>\n","protected":false},"author":2,"featured_media":185346,"comment_status":"closed","ping_status":"closed","sticky":false,"template":"","format":"standard","meta":{"sfsi_plus_gutenberg_text_before_share":"","sfsi_plus_gutenberg_show_text_before_share":"","sfsi_plus_gutenberg_icon_type":"","sfsi_plus_gutenberg_icon_alignemt":"","sfsi_plus_gutenburg_max_per_row":"","footnotes":""},"categories":[50],"tags":[],"class_list":["post-185345","post","type-post","status-publish","format-standard","has-post-thumbnail","hentry","category-destaque"],"_links":{"self":[{"href":"https:\/\/www.caririemacao.com\/1\/wp-json\/wp\/v2\/posts\/185345","targetHints":{"allow":["GET"]}}],"collection":[{"href":"https:\/\/www.caririemacao.com\/1\/wp-json\/wp\/v2\/posts"}],"about":[{"href":"https:\/\/www.caririemacao.com\/1\/wp-json\/wp\/v2\/types\/post"}],"author":[{"embeddable":true,"href":"https:\/\/www.caririemacao.com\/1\/wp-json\/wp\/v2\/users\/2"}],"replies":[{"embeddable":true,"href":"https:\/\/www.caririemacao.com\/1\/wp-json\/wp\/v2\/comments?post=185345"}],"version-history":[{"count":1,"href":"https:\/\/www.caririemacao.com\/1\/wp-json\/wp\/v2\/posts\/185345\/revisions"}],"predecessor-version":[{"id":185347,"href":"https:\/\/www.caririemacao.com\/1\/wp-json\/wp\/v2\/posts\/185345\/revisions\/185347"}],"wp:featuredmedia":[{"embeddable":true,"href":"https:\/\/www.caririemacao.com\/1\/wp-json\/wp\/v2\/media\/185346"}],"wp:attachment":[{"href":"https:\/\/www.caririemacao.com\/1\/wp-json\/wp\/v2\/media?parent=185345"}],"wp:term":[{"taxonomy":"category","embeddable":true,"href":"https:\/\/www.caririemacao.com\/1\/wp-json\/wp\/v2\/categories?post=185345"},{"taxonomy":"post_tag","embeddable":true,"href":"https:\/\/www.caririemacao.com\/1\/wp-json\/wp\/v2\/tags?post=185345"}],"curies":[{"name":"wp","href":"https:\/\/api.w.org\/{rel}","templated":true}]}}