{"id":185354,"date":"2020-08-26T06:23:47","date_gmt":"2020-08-26T09:23:47","guid":{"rendered":"https:\/\/www.caririemacao.com\/1\/?p=185354"},"modified":"2020-08-26T06:23:47","modified_gmt":"2020-08-26T09:23:47","slug":"homem-e-detido-pela-policia-apos-ferir-companheira-em-serra-branca-2","status":"publish","type":"post","link":"https:\/\/www.caririemacao.com\/1\/2020\/08\/26\/homem-e-detido-pela-policia-apos-ferir-companheira-em-serra-branca-2\/","title":{"rendered":"Homem \u00e9 detido pela pol\u00edcia ap\u00f3s ferir companheira em Serra Branca"},"content":{"rendered":"\n<h1 class=\"wp-block-heading\"><\/h1>\n\n\n\n<p>Na noite desta segunda-feira(24) um homem foi detido no munic\u00edpio de Serra Branca, Cariri paraibano, acusado de agredir sua esposa com uma arma branca.<\/p>\n\n\n\n<p>A Pol\u00edcia Militar foi acionada e ao chegar ao local, o acusado de 34 anos de idade, relatou aos policiais que teria tido uma discuss\u00e3o com sua companheira e a mesma estaria machucada, sendo socorrida por populares para a Unidade de Sa\u00fade de Serra Branca.<\/p>\n\n\n\n<p>A PM foi at\u00e9 \u00e0 unidade hospitalar e constatou-se que a v\u00edtima, uma mulher de 35 anos de idade, estava com ferimento por arma branca na m\u00e3o.<\/p>\n\n\n\n<p>O acusado e v\u00edtima foram conduzidos a Delegacia de Pol\u00edcia Civil para serem tomadas as medidas cab\u00edveis.<\/p>\n\n\n\n<p><strong>De Olho no Cariri<\/strong><\/p>\n","protected":false},"excerpt":{"rendered":"<p>Na noite desta segunda-feira(24) um homem foi detido no munic\u00edpio de Serra Branca, Cariri paraibano, acusado de agredir sua esposa com uma arma branca. A&hellip; <\/p>\n","protected":false},"author":2,"featured_media":185355,"comment_status":"closed","ping_status":"closed","sticky":false,"template":"","format":"standard","meta":{"sfsi_plus_gutenberg_text_before_share":"","sfsi_plus_gutenberg_show_text_before_share":"","sfsi_plus_gutenberg_icon_type":"","sfsi_plus_gutenberg_icon_alignemt":"","sfsi_plus_gutenburg_max_per_row":"","footnotes":""},"categories":[12],"tags":[],"class_list":["post-185354","post","type-post","status-publish","format-standard","has-post-thumbnail","hentry","category-policia"],"_links":{"self":[{"href":"https:\/\/www.caririemacao.com\/1\/wp-json\/wp\/v2\/posts\/185354","targetHints":{"allow":["GET"]}}],"collection":[{"href":"https:\/\/www.caririemacao.com\/1\/wp-json\/wp\/v2\/posts"}],"about":[{"href":"https:\/\/www.caririemacao.com\/1\/wp-json\/wp\/v2\/types\/post"}],"author":[{"embeddable":true,"href":"https:\/\/www.caririemacao.com\/1\/wp-json\/wp\/v2\/users\/2"}],"replies":[{"embeddable":true,"href":"https:\/\/www.caririemacao.com\/1\/wp-json\/wp\/v2\/comments?post=185354"}],"version-history":[{"count":1,"href":"https:\/\/www.caririemacao.com\/1\/wp-json\/wp\/v2\/posts\/185354\/revisions"}],"predecessor-version":[{"id":185356,"href":"https:\/\/www.caririemacao.com\/1\/wp-json\/wp\/v2\/posts\/185354\/revisions\/185356"}],"wp:featuredmedia":[{"embeddable":true,"href":"https:\/\/www.caririemacao.com\/1\/wp-json\/wp\/v2\/media\/185355"}],"wp:attachment":[{"href":"https:\/\/www.caririemacao.com\/1\/wp-json\/wp\/v2\/media?parent=185354"}],"wp:term":[{"taxonomy":"category","embeddable":true,"href":"https:\/\/www.caririemacao.com\/1\/wp-json\/wp\/v2\/categories?post=185354"},{"taxonomy":"post_tag","embeddable":true,"href":"https:\/\/www.caririemacao.com\/1\/wp-json\/wp\/v2\/tags?post=185354"}],"curies":[{"name":"wp","href":"https:\/\/api.w.org\/{rel}","templated":true}]}}