{"id":185362,"date":"2020-08-26T06:27:37","date_gmt":"2020-08-26T09:27:37","guid":{"rendered":"https:\/\/www.caririemacao.com\/1\/?p=185362"},"modified":"2020-08-26T06:27:37","modified_gmt":"2020-08-26T09:27:37","slug":"reforma-da-previdencia-para-servidores-estaduais-e-promulgada-na-paraiba","status":"publish","type":"post","link":"https:\/\/www.caririemacao.com\/1\/2020\/08\/26\/reforma-da-previdencia-para-servidores-estaduais-e-promulgada-na-paraiba\/","title":{"rendered":"Reforma da Previd\u00eancia para servidores estaduais \u00e9 promulgada na Para\u00edba"},"content":{"rendered":"\n<h1 class=\"wp-block-heading\"><\/h1>\n\n\n\n<p>A Assembleia Legislativa da Para\u00edba promulgou nesta ter\u00e7a-feira (25), a Reforma da Previd\u00eancia para servidores estaduais. A emenda constitucional n\u00ba 46 foi publicada no&nbsp;Di\u00e1rio Oficial desta ter\u00e7a-feira.<\/p>\n\n\n\n<p>Os deputados estaduais&nbsp;aprovaram, em segundo turno, durante sess\u00e3o remota no \u00faltimo dia 19 de agosto, a Proposta de Emenda \u00e0 Constitui\u00e7\u00e3o (PEC) 20\/2019, de autoria do Poder executivo, que disciplina o Regime de Previd\u00eancia Social dos servidores p\u00fablicos do Estado e prev\u00ea regras de transi\u00e7\u00e3o.<\/p>\n\n\n\n<p>A PEC foi aprovada com sete emendas, com objetivo,&nbsp;segundo justificativa da proposta, \u00e9 adequar as regras estaduais \u00e0 reforma federal e buscar o equil\u00edbrio financeiro e atuarial das contas do Estado.<\/p>\n\n\n\n<p>Conforme a publica\u00e7\u00e3o,&nbsp;o servidor inclu\u00eddo por regime pr\u00f3prio de previd\u00eancia social ser\u00e1 aposentado:<\/p>\n\n\n\n<ul class=\"wp-block-list\"><li>por incapacidade permanente para o trabalho, no cargo em que estiver investido, quando insuscet\u00edvel de readapta\u00e7\u00e3o, hip\u00f3tese em que ser\u00e1 obrigat\u00f3ria a realiza\u00e7\u00e3o de avalia\u00e7\u00f5es peri\u00f3dicas para verifica\u00e7\u00e3o da continuidade das condi\u00e7\u00f5es que provocaram a concess\u00e3o da aposentadoria;<\/li><li>compulsoriamente, com proventos proporcionais ao tempo de contribui\u00e7\u00e3o, aos 70 anos de idade, ou aos 75 anos de idade, na forma de lei complementar;<\/li><li>voluntariamente, no \u00e2mbito do Estado, aos 62 anos de idade, se mulher, e aos 65 anos de idade, se homem, e, no \u00e2mbito dos munic\u00edpios, na idade m\u00ednima estabelecida mediante altera\u00e7\u00e3o das respectivas Leis Org\u00e2nicas.<\/li><\/ul>\n\n\n\n<p>Os proventos de aposentadoria n\u00e3o poder\u00e3o ser inferiores ao valor m\u00ednimo a que<br>se refere a&nbsp;Constitui\u00e7\u00e3o Federal ou superiores ao limite m\u00e1ximo estabelecido para o<br>Regime Geral de Previd\u00eancia Social.<\/p>\n\n\n\n<p>O relator da PEC 20\/2019, o deputado Ricardo Barbosa, argumentou que a folha de pagamento da PBPrev em julho deste ano superou a arrecada\u00e7\u00e3o em R$ 114 milh\u00f5es, com isso, somando todas as despesas, o Governo do Estado precisou repassar para a PBPrev o valor de R$ 136 milh\u00f5es. \u201cJ\u00e1 h\u00e1 um d\u00e9ficit sobre o m\u00eas de julho de R$ 136 milh\u00f5es que foram repassados pelo governador Jo\u00e3o Azev\u00eado ao tesouro, \u00e0 Secretaria da Receita, no sentido do pagamento em dia, como vem sendo cumprida a folha de pensionistas e aposentados\u201d, explicou&nbsp; Barbosa.<\/p>\n\n\n\n<p>O relator revelou que nos \u00faltimos 12 meses o Governo Estadual j\u00e1 injetou na PBPrev mais de R$ 1,6 bilh\u00e3o. J\u00e1 para o pr\u00f3ximo ano, ainda segundo Ricardo Barbosa, a previs\u00e3o de rombo da PBPrev em rela\u00e7\u00e3o ao seu fluxo de caixa para o fim de 2020 ser\u00e1 da ordem de mais de R$ 1,4 bilh\u00e3o.<\/p>\n\n\n\n<p><em>Click PB<\/em><\/p>\n","protected":false},"excerpt":{"rendered":"<p>A Assembleia Legislativa da Para\u00edba promulgou nesta ter\u00e7a-feira (25), a Reforma da Previd\u00eancia para servidores estaduais. A emenda constitucional n\u00ba 46 foi publicada no&nbsp;Di\u00e1rio Oficial&hellip; <\/p>\n","protected":false},"author":2,"featured_media":185363,"comment_status":"closed","ping_status":"closed","sticky":false,"template":"","format":"standard","meta":{"sfsi_plus_gutenberg_text_before_share":"","sfsi_plus_gutenberg_show_text_before_share":"","sfsi_plus_gutenberg_icon_type":"","sfsi_plus_gutenberg_icon_alignemt":"","sfsi_plus_gutenburg_max_per_row":"","footnotes":""},"categories":[50,2],"tags":[],"class_list":["post-185362","post","type-post","status-publish","format-standard","has-post-thumbnail","hentry","category-destaque","category-geral"],"_links":{"self":[{"href":"https:\/\/www.caririemacao.com\/1\/wp-json\/wp\/v2\/posts\/185362","targetHints":{"allow":["GET"]}}],"collection":[{"href":"https:\/\/www.caririemacao.com\/1\/wp-json\/wp\/v2\/posts"}],"about":[{"href":"https:\/\/www.caririemacao.com\/1\/wp-json\/wp\/v2\/types\/post"}],"author":[{"embeddable":true,"href":"https:\/\/www.caririemacao.com\/1\/wp-json\/wp\/v2\/users\/2"}],"replies":[{"embeddable":true,"href":"https:\/\/www.caririemacao.com\/1\/wp-json\/wp\/v2\/comments?post=185362"}],"version-history":[{"count":1,"href":"https:\/\/www.caririemacao.com\/1\/wp-json\/wp\/v2\/posts\/185362\/revisions"}],"predecessor-version":[{"id":185364,"href":"https:\/\/www.caririemacao.com\/1\/wp-json\/wp\/v2\/posts\/185362\/revisions\/185364"}],"wp:featuredmedia":[{"embeddable":true,"href":"https:\/\/www.caririemacao.com\/1\/wp-json\/wp\/v2\/media\/185363"}],"wp:attachment":[{"href":"https:\/\/www.caririemacao.com\/1\/wp-json\/wp\/v2\/media?parent=185362"}],"wp:term":[{"taxonomy":"category","embeddable":true,"href":"https:\/\/www.caririemacao.com\/1\/wp-json\/wp\/v2\/categories?post=185362"},{"taxonomy":"post_tag","embeddable":true,"href":"https:\/\/www.caririemacao.com\/1\/wp-json\/wp\/v2\/tags?post=185362"}],"curies":[{"name":"wp","href":"https:\/\/api.w.org\/{rel}","templated":true}]}}