{"id":185366,"date":"2020-08-26T07:31:39","date_gmt":"2020-08-26T10:31:39","guid":{"rendered":"https:\/\/www.caririemacao.com\/1\/?p=185366"},"modified":"2020-08-26T07:31:39","modified_gmt":"2020-08-26T10:31:39","slug":"messi-comunica-ao-barcelona-que-deseja-deixar-o-clube","status":"publish","type":"post","link":"https:\/\/www.caririemacao.com\/1\/2020\/08\/26\/messi-comunica-ao-barcelona-que-deseja-deixar-o-clube\/","title":{"rendered":"Messi comunica ao Barcelona que deseja deixar o clube"},"content":{"rendered":"\n<h3 class=\"wp-block-heading\"><\/h3>\n\n\n\n<hr class=\"wp-block-separator\"\/>\n\n\n\n<p><ins><\/ins><\/p>\n\n\n\n<p>Lionel&nbsp;<strong>Messi<\/strong>&nbsp;est\u00e1 de sa\u00edda do&nbsp;<a href=\"https:\/\/wscom.com.br\/suarez-diz-que-aceita-ser-reserva-no-barcelona-e-que-tem-muito-a-oferecer-ao-clube\/\" target=\"_blank\" rel=\"noreferrer noopener\"><strong>Barcelona<\/strong><\/a>. Ap\u00f3s seis dias da apresenta\u00e7\u00e3o do novo t\u00e9cnico do clube, Ronald Koeman, o camisa 10 enviou um comunicado \u00e0 diretoria no qual deixa claro o seu desejo de n\u00e3o seguir na equipe. O atual v\u00ednculo vai at\u00e9 junho de 2021, mas o jogador usaria uma cl\u00e1usula de seu contrato que permite a rescis\u00e3o unilateral ao fim de cada temporada.<\/p>\n\n\n\n<p>A informa\u00e7\u00e3o foi divulgada pela emissora \u201cTyC Sports\u201d e o jornal \u201cOl\u00e9\u201d, ambos da Argentina, e tamb\u00e9m pelo jornal \u201cMarca\u201d, de Madri, e amplamente divulgada por ve\u00edculos do mundo. A r\u00e1dio \u201cRAC1\u201d e a ag\u00eancia de not\u00edcias \u201cAP\u201d dizem que o Barcelona confirmou ter recebido o comunicado de Messi.<\/p>\n\n\n\n<p>Segundo as publica\u00e7\u00f5es, o argentino teria mandado um \u201cburofax\u201d ao Barcelona, que \u00e9 um recurso na Espanha para envio de documentos urgentes pelo correio, uma esp\u00e9cie de carta registrada que pode ser enviada pela internet. O camisa 10 escolheu tal alternativa para tornar o desejo oficial.<\/p>\n\n\n\n<p>De acordo com o \u201cMarca\u201d, o prazo para exercer a cl\u00e1usula que permite Messi encerrar unilateralmente o contrato expirou no \u00faltimo dia 10 de junho. O Barcelona teria recusado a rescis\u00e3o e alegado que o prazo venceu. No entanto, o argentino e sua equipe acreditam que as mudan\u00e7as no calend\u00e1rio impostas pela pandemia do novo coronav\u00edrus e a paralisa\u00e7\u00e3o no futebol podem ajud\u00e1-lo na tentativa de romper o v\u00ednculo.<\/p>\n\n\n\n<p>No \u00faltimo dia 20, o camisa 10 se reuniu com o novo treinador do Bar\u00e7a, Ronald Koeman, e segundo a r\u00e1dio catal\u00e3 \u201cRAC1\u201d, o jogador teria deixado claro que se via mais fora do clube do que dentro. Messi n\u00e3o faz declara\u00e7\u00f5es ou apari\u00e7\u00f5es p\u00fablicas desde a derrota por 8 a 2 para o Bayern de Munique na Liga dos Campe\u00f5es. O presidente do Barcelona, Josep Bartomeu, afirmou que conta com o argentino e disse que ele s\u00f3 sairia se algum clube pagar a multa rescis\u00f3ria de 700 milh\u00f5es de euros (R$ 4,6 bilh\u00f5es).<\/p>\n","protected":false},"excerpt":{"rendered":"<p>Lionel&nbsp;Messi&nbsp;est\u00e1 de sa\u00edda do&nbsp;Barcelona. Ap\u00f3s seis dias da apresenta\u00e7\u00e3o do novo t\u00e9cnico do clube, Ronald Koeman, o camisa 10 enviou um comunicado \u00e0 diretoria no&hellip; <\/p>\n","protected":false},"author":2,"featured_media":185367,"comment_status":"closed","ping_status":"closed","sticky":false,"template":"","format":"standard","meta":{"sfsi_plus_gutenberg_text_before_share":"","sfsi_plus_gutenberg_show_text_before_share":"","sfsi_plus_gutenberg_icon_type":"","sfsi_plus_gutenberg_icon_alignemt":"","sfsi_plus_gutenburg_max_per_row":"","footnotes":""},"categories":[13],"tags":[],"class_list":["post-185366","post","type-post","status-publish","format-standard","has-post-thumbnail","hentry","category-esportes"],"_links":{"self":[{"href":"https:\/\/www.caririemacao.com\/1\/wp-json\/wp\/v2\/posts\/185366","targetHints":{"allow":["GET"]}}],"collection":[{"href":"https:\/\/www.caririemacao.com\/1\/wp-json\/wp\/v2\/posts"}],"about":[{"href":"https:\/\/www.caririemacao.com\/1\/wp-json\/wp\/v2\/types\/post"}],"author":[{"embeddable":true,"href":"https:\/\/www.caririemacao.com\/1\/wp-json\/wp\/v2\/users\/2"}],"replies":[{"embeddable":true,"href":"https:\/\/www.caririemacao.com\/1\/wp-json\/wp\/v2\/comments?post=185366"}],"version-history":[{"count":1,"href":"https:\/\/www.caririemacao.com\/1\/wp-json\/wp\/v2\/posts\/185366\/revisions"}],"predecessor-version":[{"id":185368,"href":"https:\/\/www.caririemacao.com\/1\/wp-json\/wp\/v2\/posts\/185366\/revisions\/185368"}],"wp:featuredmedia":[{"embeddable":true,"href":"https:\/\/www.caririemacao.com\/1\/wp-json\/wp\/v2\/media\/185367"}],"wp:attachment":[{"href":"https:\/\/www.caririemacao.com\/1\/wp-json\/wp\/v2\/media?parent=185366"}],"wp:term":[{"taxonomy":"category","embeddable":true,"href":"https:\/\/www.caririemacao.com\/1\/wp-json\/wp\/v2\/categories?post=185366"},{"taxonomy":"post_tag","embeddable":true,"href":"https:\/\/www.caririemacao.com\/1\/wp-json\/wp\/v2\/tags?post=185366"}],"curies":[{"name":"wp","href":"https:\/\/api.w.org\/{rel}","templated":true}]}}