{"id":185373,"date":"2020-08-26T07:45:50","date_gmt":"2020-08-26T10:45:50","guid":{"rendered":"https:\/\/www.caririemacao.com\/1\/?p=185373"},"modified":"2020-08-26T07:45:50","modified_gmt":"2020-08-26T10:45:50","slug":"aneel-aprova-reajuste-tarifario-para-a-energisa-paraiba","status":"publish","type":"post","link":"https:\/\/www.caririemacao.com\/1\/2020\/08\/26\/aneel-aprova-reajuste-tarifario-para-a-energisa-paraiba\/","title":{"rendered":"Aneel aprova reajuste tarif\u00e1rio para a Energisa Para\u00edba"},"content":{"rendered":"\n<h1 class=\"wp-block-heading\"><\/h1>\n\n\n\n<p>A Ag\u00eancia Nacional de Energia el\u00e9trica (Aneel) aprovou nesta ter\u00e7a-feira, 25 de agosto, o \u00edndice de reajuste tarif\u00e1rio para os consumidores da Energisa Para\u00edba.<\/p>\n\n\n\n<p>O efeito m\u00e9dio a ser percebido pelos clientes residenciais e comerciais ser\u00e1 de 3,02%. Com o reajuste, o cliente que pagava uma conta de, por exemplo, R$ 100,00 passar\u00e1 a pagar cerca de R$ 103,00, pelo mesmo consumo. A nova tarifa entra em vigor a partir do dia 28 de agosto.<\/p>\n\n\n\n<p>Antes do reajuste indicado pela Aneel, os clientes cadastrados como residenciais e comerciais pagavam, sem os impostos, em torno de R$ 0,55 a cada kWh consumidos. Agora, essa conta passar\u00e1 para R$ 0,56 por kWh.<\/p>\n\n\n\n<p>\u201cA nova tarifa vigora a partir desta sexta (28). Entretanto, os clientes continuam sendo faturados nos dias normais, como j\u00e1 programado e indicado mensalmente na sua conta de energia. Como o faturamento \u00e9 feito pelo consumo dos \u00faltimos 30 dias, somente a partir do in\u00edcio de outubro \u00e9 que os clientes receber\u00e3o as contas integralmente com a nova tarifa\u201d, explica Felipe Costa, gerente de servi\u00e7os comerciais.<\/p>\n\n\n\n<p>Para os clientes de alta e m\u00e9dia tens\u00e3o, a exemplo da ind\u00fastria, que possui uma tarifa diferenciada, o reajuste ser\u00e1 de 6,6%.<\/p>\n\n\n\n<p>O reajuste tarif\u00e1rio anual \u00e9 um processo regulado, previsto no contrato de concess\u00e3o. Estes contratos apresentam regras bem definidas a respeito das contas de luz, bem como a metodologia de c\u00e1lculo dos reajustes realizados pela Aneel, para todas as distribuidoras de energia do pa\u00eds.<\/p>\n\n\n\n<p>Composi\u00e7\u00e3o da tarifa de energia<\/p>\n\n\n\n<p>A tarifa de energia el\u00e9trica \u00e9 composta por custos de transmiss\u00e3o e gera\u00e7\u00e3o de energia, al\u00e9m de encargos e impostos, chamados de Parcela A \u2013 que n\u00e3o s\u00e3o de responsabilidade da Distribuidora \u2013 e os custos da distribui\u00e7\u00e3o \u2013 que \u00e9 o valor que fica com a Distribuidora \u2013 que formam a Parcela B da tarifa.<\/p>\n\n\n\n<p>Os recursos gerados pela Parcela A n\u00e3o ficam com a Distribuidora de energia. A Energisa atua apenas como arrecadadora repassando os valores para as empresas de gera\u00e7\u00e3o e transmiss\u00e3o e para os governos federal e estadual, como previsto em lei.<\/p>\n\n\n\n<p>Veja abaixo a composi\u00e7\u00e3o da tarifa e a distribui\u00e7\u00e3o de valores entre parcelas A e B, j\u00e1 com a nova tarifa de energia:<img decoding=\"async\" data-src=\"https:\/\/paraibaonline.com.br\/wp-content\/uploads\/2020\/08\/unnamed.png\" alt=\"Foto: Ascom\" data-srcset=\"https:\/\/paraibaonline.com.br\/wp-content\/uploads\/2020\/08\/unnamed.png 590w, https:\/\/paraibaonline.com.br\/wp-content\/uploads\/2020\/08\/unnamed-517x417.png 517w\" src=\"data:image\/svg+xml;base64,PHN2ZyB3aWR0aD0iMSIgaGVpZ2h0PSIxIiB4bWxucz0iaHR0cDovL3d3dy53My5vcmcvMjAwMC9zdmciPjwvc3ZnPg==\" class=\"lazyload\"><\/p>\n\n\n\n<p id=\"caption-attachment-922705\">Foto: Ascom<\/p>\n\n\n\n<p>No exemplo acima podemos observar que em uma conta de R$ 100,00 a parte que cabe a distribuidora \u00e9 de R$ 27,63. Este \u00e9 o valor que fica com a Energisa para usar em manuten\u00e7\u00e3o, pagar funcion\u00e1rios, fornecedores e prestadores de servi\u00e7o, al\u00e9m de investir na moderniza\u00e7\u00e3o e melhoria crescente da qualidade dos servi\u00e7os prestados.<\/p>\n\n\n\n<p>Os demais custos s\u00e3o referentes a compra de energia, transmiss\u00e3o, encargos e impostos que juntos somam R$ 72,37 e s\u00e3o repassados integralmente para quem de direito, como governo federal e estadual.<\/p>\n\n\n\n<p>A ilustra\u00e7\u00e3o abaixo mostra a divis\u00e3o da fatura de energia el\u00e9trica em cada um dos itens que comp\u00f5em a cadeia do setor el\u00e9trico brasileiro, considerando a receita da concession\u00e1ria acrescida dos impostos e tributos (ICMS, PIS\/COFINS). A tarifa final do consumidor da Energisa Para\u00edba cont\u00e9m 36% de encargos e impostos.<\/p>\n","protected":false},"excerpt":{"rendered":"<p>A Ag\u00eancia Nacional de Energia el\u00e9trica (Aneel) aprovou nesta ter\u00e7a-feira, 25 de agosto, o \u00edndice de reajuste tarif\u00e1rio para os consumidores da Energisa Para\u00edba. O&hellip; <\/p>\n","protected":false},"author":2,"featured_media":185374,"comment_status":"closed","ping_status":"closed","sticky":false,"template":"","format":"standard","meta":{"sfsi_plus_gutenberg_text_before_share":"","sfsi_plus_gutenberg_show_text_before_share":"","sfsi_plus_gutenberg_icon_type":"","sfsi_plus_gutenberg_icon_alignemt":"","sfsi_plus_gutenburg_max_per_row":"","footnotes":""},"categories":[2],"tags":[],"class_list":["post-185373","post","type-post","status-publish","format-standard","has-post-thumbnail","hentry","category-geral"],"_links":{"self":[{"href":"https:\/\/www.caririemacao.com\/1\/wp-json\/wp\/v2\/posts\/185373","targetHints":{"allow":["GET"]}}],"collection":[{"href":"https:\/\/www.caririemacao.com\/1\/wp-json\/wp\/v2\/posts"}],"about":[{"href":"https:\/\/www.caririemacao.com\/1\/wp-json\/wp\/v2\/types\/post"}],"author":[{"embeddable":true,"href":"https:\/\/www.caririemacao.com\/1\/wp-json\/wp\/v2\/users\/2"}],"replies":[{"embeddable":true,"href":"https:\/\/www.caririemacao.com\/1\/wp-json\/wp\/v2\/comments?post=185373"}],"version-history":[{"count":1,"href":"https:\/\/www.caririemacao.com\/1\/wp-json\/wp\/v2\/posts\/185373\/revisions"}],"predecessor-version":[{"id":185375,"href":"https:\/\/www.caririemacao.com\/1\/wp-json\/wp\/v2\/posts\/185373\/revisions\/185375"}],"wp:featuredmedia":[{"embeddable":true,"href":"https:\/\/www.caririemacao.com\/1\/wp-json\/wp\/v2\/media\/185374"}],"wp:attachment":[{"href":"https:\/\/www.caririemacao.com\/1\/wp-json\/wp\/v2\/media?parent=185373"}],"wp:term":[{"taxonomy":"category","embeddable":true,"href":"https:\/\/www.caririemacao.com\/1\/wp-json\/wp\/v2\/categories?post=185373"},{"taxonomy":"post_tag","embeddable":true,"href":"https:\/\/www.caririemacao.com\/1\/wp-json\/wp\/v2\/tags?post=185373"}],"curies":[{"name":"wp","href":"https:\/\/api.w.org\/{rel}","templated":true}]}}