{"id":185377,"date":"2020-08-26T07:52:49","date_gmt":"2020-08-26T10:52:49","guid":{"rendered":"https:\/\/www.caririemacao.com\/1\/?p=185377"},"modified":"2020-08-26T07:52:49","modified_gmt":"2020-08-26T10:52:49","slug":"policia-militar-recupera-moto-com-restricao-de-furto-roubo-em-monteiro","status":"publish","type":"post","link":"https:\/\/www.caririemacao.com\/1\/2020\/08\/26\/policia-militar-recupera-moto-com-restricao-de-furto-roubo-em-monteiro\/","title":{"rendered":"Pol\u00edcia Militar recupera moto com restri\u00e7\u00e3o de furto\/roubo em Monteiro"},"content":{"rendered":"\n<p>A Pol\u00edcia Militar recebeu uma den\u00fancia de que um homem estaria de posse de uma moto com restri\u00e7\u00e3o de roubo\/furto, por volta das 19h20min da ter\u00e7a-feira (25).<\/p>\n\n\n\n<p>A guarni\u00e7\u00e3o da For\u00e7a T\u00e1tica foi at\u00e9 o local, e localizou o acusado de 68 anos de idade, que informou que havia comprado a moto de um outro homem de 41 anos de idade, e que ao saber da restri\u00e7\u00e3o do ve\u00edculo, os dois envolvidos venderam a moto para uma terceira pessoa, uma senhora de 46 anos de idade.<\/p>\n\n\n\n<p>Os policiais se deslocaram at\u00e9 a resid\u00eancia da acusada que fica no S\u00edtio Queimadas na cidade de Monteiro, onde encontraram a moto Yamaha YBR 125 K. A senhora que estava de posse da motocicleta, informou n\u00e3o ter conhecimento de que era produto de roubo\/furto.<\/p>\n\n\n\n<p>Os tr\u00eas envolvidos foram conduzidos a Delegacia de Pol\u00edcia Civil juntamente com a moto, a fim de serem tomadas as medidas cab\u00edveis.<\/p>\n\n\n\n<p><em>11\u00ba BPM \u2013 Batalh\u00e3o 1\u00ba SGT Ylton Sales Silva<\/em><br><em>Se\u00e7\u00e3o de Comunica\u00e7\u00e3o Social e Marketing Institucional do 11\u00ba BPM<\/em><\/p>\n","protected":false},"excerpt":{"rendered":"<p>A Pol\u00edcia Militar recebeu uma den\u00fancia de que um homem estaria de posse de uma moto com restri\u00e7\u00e3o de roubo\/furto, por volta das 19h20min da&hellip; <\/p>\n","protected":false},"author":2,"featured_media":185378,"comment_status":"closed","ping_status":"closed","sticky":false,"template":"","format":"standard","meta":{"sfsi_plus_gutenberg_text_before_share":"","sfsi_plus_gutenberg_show_text_before_share":"","sfsi_plus_gutenberg_icon_type":"","sfsi_plus_gutenberg_icon_alignemt":"","sfsi_plus_gutenburg_max_per_row":"","footnotes":""},"categories":[50,12],"tags":[],"class_list":["post-185377","post","type-post","status-publish","format-standard","has-post-thumbnail","hentry","category-destaque","category-policia"],"_links":{"self":[{"href":"https:\/\/www.caririemacao.com\/1\/wp-json\/wp\/v2\/posts\/185377","targetHints":{"allow":["GET"]}}],"collection":[{"href":"https:\/\/www.caririemacao.com\/1\/wp-json\/wp\/v2\/posts"}],"about":[{"href":"https:\/\/www.caririemacao.com\/1\/wp-json\/wp\/v2\/types\/post"}],"author":[{"embeddable":true,"href":"https:\/\/www.caririemacao.com\/1\/wp-json\/wp\/v2\/users\/2"}],"replies":[{"embeddable":true,"href":"https:\/\/www.caririemacao.com\/1\/wp-json\/wp\/v2\/comments?post=185377"}],"version-history":[{"count":1,"href":"https:\/\/www.caririemacao.com\/1\/wp-json\/wp\/v2\/posts\/185377\/revisions"}],"predecessor-version":[{"id":185379,"href":"https:\/\/www.caririemacao.com\/1\/wp-json\/wp\/v2\/posts\/185377\/revisions\/185379"}],"wp:featuredmedia":[{"embeddable":true,"href":"https:\/\/www.caririemacao.com\/1\/wp-json\/wp\/v2\/media\/185378"}],"wp:attachment":[{"href":"https:\/\/www.caririemacao.com\/1\/wp-json\/wp\/v2\/media?parent=185377"}],"wp:term":[{"taxonomy":"category","embeddable":true,"href":"https:\/\/www.caririemacao.com\/1\/wp-json\/wp\/v2\/categories?post=185377"},{"taxonomy":"post_tag","embeddable":true,"href":"https:\/\/www.caririemacao.com\/1\/wp-json\/wp\/v2\/tags?post=185377"}],"curies":[{"name":"wp","href":"https:\/\/api.w.org\/{rel}","templated":true}]}}