{"id":185381,"date":"2020-08-26T08:02:26","date_gmt":"2020-08-26T11:02:26","guid":{"rendered":"https:\/\/www.caririemacao.com\/1\/?p=185381"},"modified":"2020-08-26T08:02:26","modified_gmt":"2020-08-26T11:02:26","slug":"ligue-corona-tera-novo-horario-de-funcionamento","status":"publish","type":"post","link":"https:\/\/www.caririemacao.com\/1\/2020\/08\/26\/ligue-corona-tera-novo-horario-de-funcionamento\/","title":{"rendered":"\u2018Ligue Corona\u2019 ter\u00e1 novo hor\u00e1rio de funcionamento"},"content":{"rendered":"\n<h1 class=\"wp-block-heading\"><\/h1>\n\n\n\n<p>Em virtude da diminui\u00e7\u00e3o na quantidade de liga\u00e7\u00f5es, a central de atendimento \u2018Ligue Corona\u2019 ter\u00e1 novo hor\u00e1rio de funcionamento a partir do dia 1\u00ba de setembro, quando os usu\u00e1rios poder\u00e3o entrar em contato para tirar d\u00favidas de domingo a domingo, no per\u00edodo das 8h \u00e0s 18h.<\/p>\n\n\n\n<p>Os questionamentos ser\u00e3o respondidos por profissionais de sa\u00fade (enfermeiros, fisioterapeutas, nutricionistas, fonoaudi\u00f3logos, farmac\u00eauticos, psic\u00f3logos e assistentes sociais).<\/p>\n\n\n\n<p>De segunda a sexta-feira, o usu\u00e1rio pode ligar para (83) 3612-5790 ou (83) 99146-9790. Nos finais de semana e feriados, a liga\u00e7\u00e3o deve ser para 99146-2893.<\/p>\n\n\n\n<p>\u201cH\u00e1 cerca de um m\u00eas e meio, o fluxo de liga\u00e7\u00f5es caiu bastante. No in\u00edcio da estrat\u00e9gia de enfrentamento da pandemia, est\u00e1vamos recebendo uma m\u00e9dia de 200 chamadas por dia. Atualmente, esse n\u00famero gira em torno de 20 liga\u00e7\u00f5es di\u00e1rias. Mesmo assim, vamos continuar o atendimento para garantir o servi\u00e7o \u00e0 popula\u00e7\u00e3o e sanar as d\u00favidas que ainda podem surgir\u201d, informou a coordenadora da estrat\u00e9gia Ligue Corona, Vanessa Meira.<\/p>\n\n\n\n<p>Vanessa refor\u00e7ou, ainda, que a pandemia n\u00e3o acabou e, por isso, acolher o usu\u00e1rio e manter a popula\u00e7\u00e3o bem informada \u00e9 essencial.<\/p>\n\n\n\n<p>\u201cAtrav\u00e9s das liga\u00e7\u00f5es, \u00e9 poss\u00edvel orientar com rela\u00e7\u00e3o \u00e0 sintomatologia suspeita da Covid-19, mas tamb\u00e9m sobre os decretos que est\u00e3o sendo gerados. N\u00e3o \u00e9 o fim do atendimento do \u2018Ligue Corona\u2019, pelo contr\u00e1rio, \u00e9 uma redu\u00e7\u00e3o estrutural e proporcional \u00e0 demanda\u201d, explicou.<\/p>\n","protected":false},"excerpt":{"rendered":"<p>Em virtude da diminui\u00e7\u00e3o na quantidade de liga\u00e7\u00f5es, a central de atendimento \u2018Ligue Corona\u2019 ter\u00e1 novo hor\u00e1rio de funcionamento a partir do dia 1\u00ba de&hellip; <\/p>\n","protected":false},"author":2,"featured_media":185382,"comment_status":"closed","ping_status":"closed","sticky":false,"template":"","format":"standard","meta":{"sfsi_plus_gutenberg_text_before_share":"","sfsi_plus_gutenberg_show_text_before_share":"","sfsi_plus_gutenberg_icon_type":"","sfsi_plus_gutenberg_icon_alignemt":"","sfsi_plus_gutenburg_max_per_row":"","footnotes":""},"categories":[50,2],"tags":[],"class_list":["post-185381","post","type-post","status-publish","format-standard","has-post-thumbnail","hentry","category-destaque","category-geral"],"_links":{"self":[{"href":"https:\/\/www.caririemacao.com\/1\/wp-json\/wp\/v2\/posts\/185381","targetHints":{"allow":["GET"]}}],"collection":[{"href":"https:\/\/www.caririemacao.com\/1\/wp-json\/wp\/v2\/posts"}],"about":[{"href":"https:\/\/www.caririemacao.com\/1\/wp-json\/wp\/v2\/types\/post"}],"author":[{"embeddable":true,"href":"https:\/\/www.caririemacao.com\/1\/wp-json\/wp\/v2\/users\/2"}],"replies":[{"embeddable":true,"href":"https:\/\/www.caririemacao.com\/1\/wp-json\/wp\/v2\/comments?post=185381"}],"version-history":[{"count":1,"href":"https:\/\/www.caririemacao.com\/1\/wp-json\/wp\/v2\/posts\/185381\/revisions"}],"predecessor-version":[{"id":185383,"href":"https:\/\/www.caririemacao.com\/1\/wp-json\/wp\/v2\/posts\/185381\/revisions\/185383"}],"wp:featuredmedia":[{"embeddable":true,"href":"https:\/\/www.caririemacao.com\/1\/wp-json\/wp\/v2\/media\/185382"}],"wp:attachment":[{"href":"https:\/\/www.caririemacao.com\/1\/wp-json\/wp\/v2\/media?parent=185381"}],"wp:term":[{"taxonomy":"category","embeddable":true,"href":"https:\/\/www.caririemacao.com\/1\/wp-json\/wp\/v2\/categories?post=185381"},{"taxonomy":"post_tag","embeddable":true,"href":"https:\/\/www.caririemacao.com\/1\/wp-json\/wp\/v2\/tags?post=185381"}],"curies":[{"name":"wp","href":"https:\/\/api.w.org\/{rel}","templated":true}]}}