{"id":185583,"date":"2020-08-27T08:25:03","date_gmt":"2020-08-27T11:25:03","guid":{"rendered":"https:\/\/www.caririemacao.com\/1\/?p=185583"},"modified":"2020-08-27T08:25:03","modified_gmt":"2020-08-27T11:25:03","slug":"mulheres-formalizam-mais-os-empreendimentos-do-que-os-homens-na-paraiba-revela-ibge","status":"publish","type":"post","link":"https:\/\/www.caririemacao.com\/1\/2020\/08\/27\/mulheres-formalizam-mais-os-empreendimentos-do-que-os-homens-na-paraiba-revela-ibge\/","title":{"rendered":"Mulheres formalizam mais os empreendimentos do que os homens na Para\u00edba, revela IBGE"},"content":{"rendered":"\n<h1 class=\"wp-block-heading\"><\/h1>\n\n\n\n<p>As mulheres s\u00e3o maioria entre os empregadores na Para\u00edba que formalizaram seu neg\u00f3cio no Cadastro Nacional de Pessoa Jur\u00eddica, segundo dados da Pesquisa Nacional por Amostra de Domic\u00edlios Cont\u00ednua Anual (PNAD) do IBGE. O Instituto Brasileiro de Geografia e Estat\u00edstica mostra que entre as mulheres que atuavam como empregadoras na Para\u00edba, em 2019, 71% trabalhavam em empreendimento registrado no CNPJ, enquanto que, entre os homens na mesma condi\u00e7\u00e3o, esse percentual era de 59,9%.<\/p>\n\n\n\n<p>No total, 60 mil pessoas estavam ocupadas como empregadoras na Para\u00edba, em 2019, n\u00famero maior do que o registrado em 2012, de 47 mil. Mas esse \u00edndice \u00e9 menor do que o verificado em 2018, de 72 mil empregadores.<\/p>\n\n\n\n<p>Do total registrado no \u00faltimo ano, 65,4% atuavam em empreendimento registrado no CNPJ. Frente a 2012, quando o indicador era de 58,3%, houve alta de 7,1%. Por\u00e9m, se comparado ao ponto mais alto da s\u00e9rie, em 2017, quando chegou a 72,9%, houve queda de 7,5%. A pesquisa indica ainda que, entre todas as pessoas ocupadas no estado, 16,4% tinham um trabalho principal em que atuavam como empregador ou conta pr\u00f3pria.<\/p>\n\n\n\n<p>O principal local de trabalho na Para\u00edba, em 2019, entre a popula\u00e7\u00e3o ocupada, foi estabelecimento do pr\u00f3prio empreendimento (45,4%); seguido por local designado pelo empregador, patr\u00e3o ou fregu\u00eas (20,6%); e fazenda, s\u00edtio, granja ou ch\u00e1cara (13,1%). Ao longo dos anos, houve aumento do percentual daqueles que trabalham em ve\u00edculos automotores, que passou de 3,3%, em 2012, para 4,8%, em 2019; e tamb\u00e9m dos que atuam no pr\u00f3prio domic\u00edlio, que nesse intervalo cresceu de 5,3% para 7,7%.<\/p>\n","protected":false},"excerpt":{"rendered":"<p>As mulheres s\u00e3o maioria entre os empregadores na Para\u00edba que formalizaram seu neg\u00f3cio no Cadastro Nacional de Pessoa Jur\u00eddica, segundo dados da Pesquisa Nacional por&hellip; <\/p>\n","protected":false},"author":2,"featured_media":185584,"comment_status":"closed","ping_status":"closed","sticky":false,"template":"","format":"standard","meta":{"sfsi_plus_gutenberg_text_before_share":"","sfsi_plus_gutenberg_show_text_before_share":"","sfsi_plus_gutenberg_icon_type":"","sfsi_plus_gutenberg_icon_alignemt":"","sfsi_plus_gutenburg_max_per_row":"","footnotes":""},"categories":[50,2],"tags":[],"class_list":["post-185583","post","type-post","status-publish","format-standard","has-post-thumbnail","hentry","category-destaque","category-geral"],"_links":{"self":[{"href":"https:\/\/www.caririemacao.com\/1\/wp-json\/wp\/v2\/posts\/185583","targetHints":{"allow":["GET"]}}],"collection":[{"href":"https:\/\/www.caririemacao.com\/1\/wp-json\/wp\/v2\/posts"}],"about":[{"href":"https:\/\/www.caririemacao.com\/1\/wp-json\/wp\/v2\/types\/post"}],"author":[{"embeddable":true,"href":"https:\/\/www.caririemacao.com\/1\/wp-json\/wp\/v2\/users\/2"}],"replies":[{"embeddable":true,"href":"https:\/\/www.caririemacao.com\/1\/wp-json\/wp\/v2\/comments?post=185583"}],"version-history":[{"count":1,"href":"https:\/\/www.caririemacao.com\/1\/wp-json\/wp\/v2\/posts\/185583\/revisions"}],"predecessor-version":[{"id":185585,"href":"https:\/\/www.caririemacao.com\/1\/wp-json\/wp\/v2\/posts\/185583\/revisions\/185585"}],"wp:featuredmedia":[{"embeddable":true,"href":"https:\/\/www.caririemacao.com\/1\/wp-json\/wp\/v2\/media\/185584"}],"wp:attachment":[{"href":"https:\/\/www.caririemacao.com\/1\/wp-json\/wp\/v2\/media?parent=185583"}],"wp:term":[{"taxonomy":"category","embeddable":true,"href":"https:\/\/www.caririemacao.com\/1\/wp-json\/wp\/v2\/categories?post=185583"},{"taxonomy":"post_tag","embeddable":true,"href":"https:\/\/www.caririemacao.com\/1\/wp-json\/wp\/v2\/tags?post=185583"}],"curies":[{"name":"wp","href":"https:\/\/api.w.org\/{rel}","templated":true}]}}