{"id":185587,"date":"2020-08-27T08:36:43","date_gmt":"2020-08-27T11:36:43","guid":{"rendered":"https:\/\/www.caririemacao.com\/1\/?p=185587"},"modified":"2020-08-27T08:36:43","modified_gmt":"2020-08-27T11:36:43","slug":"dicas-para-usar-portfolio-digital-como-opcao-para-apresentacao-profissional-confira","status":"publish","type":"post","link":"https:\/\/www.caririemacao.com\/1\/2020\/08\/27\/dicas-para-usar-portfolio-digital-como-opcao-para-apresentacao-profissional-confira\/","title":{"rendered":"Dicas para usar portf\u00f3lio digital como op\u00e7\u00e3o para apresenta\u00e7\u00e3o profissional; confira"},"content":{"rendered":"\n<h3 class=\"wp-block-heading\"><\/h3>\n\n\n\n<hr class=\"wp-block-separator\"\/>\n\n\n\n<p>Portf\u00f3lio digital \u00e9 uma apresenta\u00e7\u00e3o dos trabalhos feitos pelo profissional e serve para demonstrar suas experi\u00eancias. Este modelo de curr\u00edculo \u00e9 muito usado por profissionais das \u00e1reas de&nbsp;<a href=\"https:\/\/www.educamaisbrasil.com.br\/cursos-e-faculdades\/comunicacao\/?p=wscom\">comunica\u00e7\u00e3o<\/a>,&nbsp;<a href=\"https:\/\/www.educamaisbrasil.com.br\/cursos-e-faculdades\/design\/?p=wscom\">design<\/a>&nbsp;e&nbsp;<a href=\"https:\/\/www.educamaisbrasil.com.br\/cursos-e-faculdades\/fotografia\/?p=wscom\">fotografia<\/a>, mas diversos nichos podem aproveitar os benef\u00edcios de um portf\u00f3lio.&nbsp;<\/p>\n\n\n\n<p>Jornalistas podem ter blogs com uma cole\u00e7\u00e3o de seus melhores artigos, enquanto designers podem apresentar artes que j\u00e1 tenham criado. O fot\u00f3grafo tamb\u00e9m pode criar para reunir as fotos que foram tiradas em seus trabalhos.<\/p>\n\n\n\n<p>Criar um portf\u00f3lio digital demanda planejamento sobre como e onde apresentar os seus melhores trabalhos. O segredo para criar uma apresenta\u00e7\u00e3o atraente e eficaz est\u00e1 na organiza\u00e7\u00e3o e criatividade.&nbsp;Se voc\u00ea est\u00e1 com d\u00favidas sobre&nbsp;como montar um portf\u00f3lio digital de modo criativo, confira a seguir algumas dicas que v\u00e3o te ajudar neste processo.<\/p>\n\n\n\n<p><strong>1 \u2013 Escolha a plataforma ideal<\/strong><\/p>\n\n\n\n<p>Existem diversas op\u00e7\u00f5es de&nbsp;plataformas de portf\u00f3lio on-line&nbsp;dispon\u00edveis, dentre elas:<\/p>\n\n\n\n<ul class=\"wp-block-list\"><li>Adobe Portfolio<\/li><li>Behance<\/li><li>Carbonmade<\/li><li>Cargo Collective<\/li><li>Contently<\/li><li>Coroflot<\/li><\/ul>\n\n\n\n<p><strong>2 \u2013 Selecione os seus melhores trabalhos<\/strong><\/p>\n\n\n\n<p>A \u00e2nsia de querer mostrar todos os trabalhos pode prejudicar a objetividade do portf\u00f3lio. \u00c9 importante ter esse senso cr\u00edtico, j\u00e1 que um portf\u00f3lio muito extenso pode ser cansativo e n\u00e3o destacar os seus&nbsp;trabalhos relevantes.&nbsp;Por isso, n\u00e3o precisa colocar todos os trabalhos executados, mas os melhores. Recomenda-se escolher aqueles que representam a qualidade das suas produ\u00e7\u00f5es e mostram todo o seu potencial criativo.&nbsp;<\/p>\n\n\n\n<p><strong>3 \u2013 Fale de voc\u00ea<\/strong><\/p>\n\n\n\n<p>Embora o portf\u00f3lio evidencie as cria\u00e7\u00f5es, ele n\u00e3o \u00e9 apenas para isso. T\u00e3o importante quanto mostrar o trabalho \u00e9 falar sobre quem o faz \u2013 voc\u00ea! Por isso, n\u00e3o se esque\u00e7a de incluir em seu portf\u00f3lio digital&nbsp;informa\u00e7\u00f5es relevantes sobre sua forma\u00e7\u00e3o profissional (gradua\u00e7\u00e3o, especializa\u00e7\u00f5es, cursos extracurriculares), experi\u00eancia profissional (empresas que trabalhou, est\u00e1gios realizados durante a gradua\u00e7\u00e3o, locais onde seu trabalho foi exposto) e profissionais que s\u00e3o refer\u00eancias para sua carreira.<\/p>\n","protected":false},"excerpt":{"rendered":"<p>Portf\u00f3lio digital \u00e9 uma apresenta\u00e7\u00e3o dos trabalhos feitos pelo profissional e serve para demonstrar suas experi\u00eancias. Este modelo de curr\u00edculo \u00e9 muito usado por profissionais&hellip; <\/p>\n","protected":false},"author":2,"featured_media":185588,"comment_status":"closed","ping_status":"closed","sticky":false,"template":"","format":"standard","meta":{"sfsi_plus_gutenberg_text_before_share":"","sfsi_plus_gutenberg_show_text_before_share":"","sfsi_plus_gutenberg_icon_type":"","sfsi_plus_gutenberg_icon_alignemt":"","sfsi_plus_gutenburg_max_per_row":"","footnotes":""},"categories":[50,2],"tags":[],"class_list":["post-185587","post","type-post","status-publish","format-standard","has-post-thumbnail","hentry","category-destaque","category-geral"],"_links":{"self":[{"href":"https:\/\/www.caririemacao.com\/1\/wp-json\/wp\/v2\/posts\/185587","targetHints":{"allow":["GET"]}}],"collection":[{"href":"https:\/\/www.caririemacao.com\/1\/wp-json\/wp\/v2\/posts"}],"about":[{"href":"https:\/\/www.caririemacao.com\/1\/wp-json\/wp\/v2\/types\/post"}],"author":[{"embeddable":true,"href":"https:\/\/www.caririemacao.com\/1\/wp-json\/wp\/v2\/users\/2"}],"replies":[{"embeddable":true,"href":"https:\/\/www.caririemacao.com\/1\/wp-json\/wp\/v2\/comments?post=185587"}],"version-history":[{"count":1,"href":"https:\/\/www.caririemacao.com\/1\/wp-json\/wp\/v2\/posts\/185587\/revisions"}],"predecessor-version":[{"id":185589,"href":"https:\/\/www.caririemacao.com\/1\/wp-json\/wp\/v2\/posts\/185587\/revisions\/185589"}],"wp:featuredmedia":[{"embeddable":true,"href":"https:\/\/www.caririemacao.com\/1\/wp-json\/wp\/v2\/media\/185588"}],"wp:attachment":[{"href":"https:\/\/www.caririemacao.com\/1\/wp-json\/wp\/v2\/media?parent=185587"}],"wp:term":[{"taxonomy":"category","embeddable":true,"href":"https:\/\/www.caririemacao.com\/1\/wp-json\/wp\/v2\/categories?post=185587"},{"taxonomy":"post_tag","embeddable":true,"href":"https:\/\/www.caririemacao.com\/1\/wp-json\/wp\/v2\/tags?post=185587"}],"curies":[{"name":"wp","href":"https:\/\/api.w.org\/{rel}","templated":true}]}}