{"id":185593,"date":"2020-08-27T08:43:40","date_gmt":"2020-08-27T11:43:40","guid":{"rendered":"https:\/\/www.caririemacao.com\/1\/?p=185593"},"modified":"2020-08-27T08:43:40","modified_gmt":"2020-08-27T11:43:40","slug":"vice-presidente-da-republica-hamilton-mourao-defende-pagamento-pelo-ensino-publico","status":"publish","type":"post","link":"https:\/\/www.caririemacao.com\/1\/2020\/08\/27\/vice-presidente-da-republica-hamilton-mourao-defende-pagamento-pelo-ensino-publico\/","title":{"rendered":"Vice-presidente da Rep\u00fablica, Hamilton Mour\u00e3o, defende pagamento pelo ensino p\u00fablico"},"content":{"rendered":"\n<h1 class=\"wp-block-heading\"><\/h1>\n\n\n\n<p>O vice-presidente da Rep\u00fablica, Hamilton Mour\u00e3o, afirmou ser \u201cum paradoxo\u201d no Brasil o atendimento educacional nas universidades federais para \u201cgente que poderia pagar os seus custos e est\u00e1 recebendo um ensino de gra\u00e7a, posteriormente n\u00e3o devolvendo nada para o Pa\u00eds\u201d.<\/p>\n\n\n\n<p>\u201cOuso arriscar que uns 60% que frequentam universidade federal t\u00eam condi\u00e7\u00f5es de pagar\u201d, afirmou o vice-presidente. \u201cUm pagamento que eles fizessem serviria para que mais alunos ingressassem no setor privado e, consequentemente, para que aument\u00e1ssemos o percentual de jovens com ensino superior\u201d, disse Mour\u00e3o.<\/p>\n\n\n\n<p>O vice-presidente defendeu que o pagamento pelo ensino p\u00fablico nas universidades federais poderia gerar recursos para financiar programas de perman\u00eancia em institui\u00e7\u00f5es privadas. \u201c\u00c9 algo que n\u00f3s temos que pensar hoje seriamente e sem preconceitos porque pagamento a universidades federais poderia ser um recurso canalizado para aqueles jovens que precisam de financiamento pagarem uma universidade privada\u201d, disse. \u201cSeria uma compensa\u00e7\u00e3o muito justa\u201d, completou.<\/p>\n\n\n\n<p>Mour\u00e3o participou na manh\u00e3 desta quarta-feira (26) de aula magna a alunos do grupo Ser Educacional.<\/p>\n","protected":false},"excerpt":{"rendered":"<p>O vice-presidente da Rep\u00fablica, Hamilton Mour\u00e3o, afirmou ser \u201cum paradoxo\u201d no Brasil o atendimento educacional nas universidades federais para \u201cgente que poderia pagar os seus&hellip; <\/p>\n","protected":false},"author":2,"featured_media":185594,"comment_status":"closed","ping_status":"closed","sticky":false,"template":"","format":"standard","meta":{"sfsi_plus_gutenberg_text_before_share":"","sfsi_plus_gutenberg_show_text_before_share":"","sfsi_plus_gutenberg_icon_type":"","sfsi_plus_gutenberg_icon_alignemt":"","sfsi_plus_gutenburg_max_per_row":"","footnotes":""},"categories":[50,2],"tags":[],"class_list":["post-185593","post","type-post","status-publish","format-standard","has-post-thumbnail","hentry","category-destaque","category-geral"],"_links":{"self":[{"href":"https:\/\/www.caririemacao.com\/1\/wp-json\/wp\/v2\/posts\/185593","targetHints":{"allow":["GET"]}}],"collection":[{"href":"https:\/\/www.caririemacao.com\/1\/wp-json\/wp\/v2\/posts"}],"about":[{"href":"https:\/\/www.caririemacao.com\/1\/wp-json\/wp\/v2\/types\/post"}],"author":[{"embeddable":true,"href":"https:\/\/www.caririemacao.com\/1\/wp-json\/wp\/v2\/users\/2"}],"replies":[{"embeddable":true,"href":"https:\/\/www.caririemacao.com\/1\/wp-json\/wp\/v2\/comments?post=185593"}],"version-history":[{"count":1,"href":"https:\/\/www.caririemacao.com\/1\/wp-json\/wp\/v2\/posts\/185593\/revisions"}],"predecessor-version":[{"id":185595,"href":"https:\/\/www.caririemacao.com\/1\/wp-json\/wp\/v2\/posts\/185593\/revisions\/185595"}],"wp:featuredmedia":[{"embeddable":true,"href":"https:\/\/www.caririemacao.com\/1\/wp-json\/wp\/v2\/media\/185594"}],"wp:attachment":[{"href":"https:\/\/www.caririemacao.com\/1\/wp-json\/wp\/v2\/media?parent=185593"}],"wp:term":[{"taxonomy":"category","embeddable":true,"href":"https:\/\/www.caririemacao.com\/1\/wp-json\/wp\/v2\/categories?post=185593"},{"taxonomy":"post_tag","embeddable":true,"href":"https:\/\/www.caririemacao.com\/1\/wp-json\/wp\/v2\/tags?post=185593"}],"curies":[{"name":"wp","href":"https:\/\/api.w.org\/{rel}","templated":true}]}}