{"id":185602,"date":"2020-08-27T08:53:47","date_gmt":"2020-08-27T11:53:47","guid":{"rendered":"https:\/\/www.caririemacao.com\/1\/?p=185602"},"modified":"2020-08-27T08:53:47","modified_gmt":"2020-08-27T11:53:47","slug":"famup-reune-gestores-para-discutir-lei-aldir-blanc-e-as-implicacoes-decorrentes-de-outras-legislacoes","status":"publish","type":"post","link":"https:\/\/www.caririemacao.com\/1\/2020\/08\/27\/famup-reune-gestores-para-discutir-lei-aldir-blanc-e-as-implicacoes-decorrentes-de-outras-legislacoes\/","title":{"rendered":"Famup re\u00fane gestores para discutir Lei Aldir Blanc e as implica\u00e7\u00f5es decorrentes de outras legisla\u00e7\u00f5es"},"content":{"rendered":"\n<h1 class=\"wp-block-heading\"><\/h1>\n\n\n\n<p>A Federa\u00e7\u00e3o das Associa\u00e7\u00f5es de Munic\u00edpios da Para\u00edba (Famup) realiza nesta quinta-feira (27), \u00e0s 19h, uma reuni\u00e3o remota com prefeitos, secret\u00e1rios da Cultura, Fazenda, Administra\u00e7\u00e3o e representantes do setor jur\u00eddico dos munic\u00edpios para discutir a Lei Aldir Blanc e as implica\u00e7\u00f5es decorrentes de outras legisla\u00e7\u00f5es, a exemplo da Lei de Licita\u00e7\u00f5es, Lei Eleitoral e o Marco das Organiza\u00e7\u00f5es Sociais.<\/p>\n\n\n\n<p>De acordo com o presidente da Famup, George Coelho, a ideia do encontro virtual \u00e9 auxiliar as gest\u00f5es municipais na execu\u00e7\u00e3o dos recursos previstos na lei. \u201cVamos debater e entender a aplica\u00e7\u00e3o da Lei Aldir Blanc e suas implica\u00e7\u00f5es tomando por base outras leis que s\u00e3o fundamentais para uma gest\u00e3o municipal. Precisamos ficar atentos a todas essas novas normas para que possamos executar essa nova lei de forma segura e sem gerar implica\u00e7\u00f5es futuras\u201d, disse.<\/p>\n\n\n\n<p>A Lei Aldir Blanc garante que todos os munic\u00edpios do pa\u00eds recebam recursos para desenvolver a\u00e7\u00f5es emergenciais destinadas ao setor cultural local. Ser\u00e3o distribu\u00eddos R$ 1,5 bilh\u00e3o entre os entes locais. Na Para\u00edba, o valor chega a R$ 37.307.166,44 para a\u00e7\u00f5es de renda emergencial aos trabalhadores da cultura.<\/p>\n\n\n\n<p><strong>Cadastro \u2013<\/strong>&nbsp;Para contribuir com a efic\u00e1cia do preenchimento dos dados pela Plataforma +Brasil, a Famup disponibiliza uma consultoria e um cadastro em que as prefeituras poder\u00e3o habilitar os agentes culturais, trabalhadores e espa\u00e7os de cultura. O respons\u00e1vel por atender as prefeituras nesse processo ser\u00e1 o assessor t\u00e9cnico da Famup, Normando Vitorino. Os contatos podem ser feitos pelo&nbsp;<a href=\"mailto:consultorianvr@gmail.com\" target=\"_blank\" rel=\"noreferrer noopener\">consultorianvr@gmail.com<\/a>&nbsp;ou pelo telefone (83) 99635-7048.<\/p>\n\n\n\n<p>A Famup lembra ainda aos gestores que s\u00e3o quatro os tutoriais do Minist\u00e9rio da Economia para orientar as prefeituras e detalha os procedimentos que devem ser seguidos em cada um desses documentos. A partir da organiza\u00e7\u00e3o do cadastro do Munic\u00edpio na Plataforma +Brasil, o gestor local cadastrado com o perfil \u201cgestor recebedor\u201d poder\u00e1 preencher e enviar as informa\u00e7\u00f5es necess\u00e1rias para manifestar o interesse do munic\u00edpio em receber os recursos da Lei Aldir Blanc.<\/p>\n","protected":false},"excerpt":{"rendered":"<p>A Federa\u00e7\u00e3o das Associa\u00e7\u00f5es de Munic\u00edpios da Para\u00edba (Famup) realiza nesta quinta-feira (27), \u00e0s 19h, uma reuni\u00e3o remota com prefeitos, secret\u00e1rios da Cultura, Fazenda, Administra\u00e7\u00e3o&hellip; <\/p>\n","protected":false},"author":2,"featured_media":185603,"comment_status":"closed","ping_status":"closed","sticky":false,"template":"","format":"standard","meta":{"sfsi_plus_gutenberg_text_before_share":"","sfsi_plus_gutenberg_show_text_before_share":"","sfsi_plus_gutenberg_icon_type":"","sfsi_plus_gutenberg_icon_alignemt":"","sfsi_plus_gutenburg_max_per_row":"","footnotes":""},"categories":[50,2],"tags":[],"class_list":["post-185602","post","type-post","status-publish","format-standard","has-post-thumbnail","hentry","category-destaque","category-geral"],"_links":{"self":[{"href":"https:\/\/www.caririemacao.com\/1\/wp-json\/wp\/v2\/posts\/185602","targetHints":{"allow":["GET"]}}],"collection":[{"href":"https:\/\/www.caririemacao.com\/1\/wp-json\/wp\/v2\/posts"}],"about":[{"href":"https:\/\/www.caririemacao.com\/1\/wp-json\/wp\/v2\/types\/post"}],"author":[{"embeddable":true,"href":"https:\/\/www.caririemacao.com\/1\/wp-json\/wp\/v2\/users\/2"}],"replies":[{"embeddable":true,"href":"https:\/\/www.caririemacao.com\/1\/wp-json\/wp\/v2\/comments?post=185602"}],"version-history":[{"count":1,"href":"https:\/\/www.caririemacao.com\/1\/wp-json\/wp\/v2\/posts\/185602\/revisions"}],"predecessor-version":[{"id":185604,"href":"https:\/\/www.caririemacao.com\/1\/wp-json\/wp\/v2\/posts\/185602\/revisions\/185604"}],"wp:featuredmedia":[{"embeddable":true,"href":"https:\/\/www.caririemacao.com\/1\/wp-json\/wp\/v2\/media\/185603"}],"wp:attachment":[{"href":"https:\/\/www.caririemacao.com\/1\/wp-json\/wp\/v2\/media?parent=185602"}],"wp:term":[{"taxonomy":"category","embeddable":true,"href":"https:\/\/www.caririemacao.com\/1\/wp-json\/wp\/v2\/categories?post=185602"},{"taxonomy":"post_tag","embeddable":true,"href":"https:\/\/www.caririemacao.com\/1\/wp-json\/wp\/v2\/tags?post=185602"}],"curies":[{"name":"wp","href":"https:\/\/api.w.org\/{rel}","templated":true}]}}