{"id":185606,"date":"2020-08-27T08:59:18","date_gmt":"2020-08-27T11:59:18","guid":{"rendered":"https:\/\/www.caririemacao.com\/1\/?p=185606"},"modified":"2020-08-27T08:59:18","modified_gmt":"2020-08-27T11:59:18","slug":"tre-da-paraiba-inscreve-voluntarios-para-atuarem-nas-eleicoes","status":"publish","type":"post","link":"https:\/\/www.caririemacao.com\/1\/2020\/08\/27\/tre-da-paraiba-inscreve-voluntarios-para-atuarem-nas-eleicoes\/","title":{"rendered":"TRE da Para\u00edba inscreve volunt\u00e1rios para atuarem nas elei\u00e7\u00f5es"},"content":{"rendered":"\n<h1 class=\"wp-block-heading\"><\/h1>\n\n\n\n<p>O Tribunal Regional Eleitoral da Para\u00edba (TRE-PB) informa alguns aspectos importantes quanto ao trabalho volunt\u00e1rio, que poder\u00e1 ser prestado \u00e0 Justi\u00e7a Eleitoral da Para\u00edba por interessados, como iniciativa \u00e0 consolida\u00e7\u00e3o do processo democr\u00e1tico,&nbsp;assegurando que a Justi\u00e7a Eleitoral adotar\u00e1 protocolo de seguran\u00e7a para diminuir o risco de cont\u00e1gio da COVID-19, com fornecimento de m\u00e1scaras e \u00e1lcool em gel para os colaboradores que atuar\u00e3o nas elei\u00e7\u00f5es de 2020, com objetivo de resguardar a sa\u00fade.<\/p>\n\n\n\n<p>Para se inscrever Volunt\u00e1rio de Apoio Log\u00edstico \u00e9 necess\u00e1rio ser eleitor, que se apresente espontaneamente \u00e0 Justi\u00e7a Eleitoral e colocando-se \u00e0 disposi\u00e7\u00e3o para prestar apoio aos trabalhos desenvolvidos nos Cart\u00f3rios Eleitorais e nos locais de prepara\u00e7\u00e3o de urnas. Nesses ambientes, desenvolver\u00e3o atividades tais como: Montagem de Se\u00e7\u00f5es, Confer\u00eancia de Cadernos de Vota\u00e7\u00e3o, Entrega de Materiais, Prepara\u00e7\u00e3o de Urnas, Verifica\u00e7\u00e3o de Condi\u00e7\u00f5es de Acessibilidade dos Locais de Vota\u00e7\u00e3o.<\/p>\n\n\n\n<p>Os convocados para o apoio log\u00edstico podem atuar de duas formas: Apoio Log\u00edstico na Prepara\u00e7\u00e3o das Urnas (ALPU) e Apoio Log\u00edstico na Vota\u00e7\u00e3o e na Transmiss\u00e3o de Resultados (ALVT).<\/p>\n\n\n\n<p>Os ALPUs atuam nos N\u00facleos de Voto Informatizado em Jo\u00e3o Pessoa, Campina Grande, Patos, Pombal e Cajazeiras durante a prepara\u00e7\u00e3o das urnas, auxiliando na limpeza, vistoria, lacra\u00e7\u00e3o das urnas eletr\u00f4nicas e na sua movimenta\u00e7\u00e3o e arruma\u00e7\u00e3o.<\/p>\n\n\n\n<p>Os ALVTs prestam apoio \u00e0s equipes dos Cart\u00f3rios Eleitorais e dos locais de vota\u00e7\u00e3o, sendo alocados nos setores de instala\u00e7\u00e3o das se\u00e7\u00f5es e verifica\u00e7\u00e3o das urnas eletr\u00f4nicas, de suporte \u00e0s urnas durante a vota\u00e7\u00e3o, de transmiss\u00e3o de resultados e em outras atividades, a crit\u00e9rio do Juiz Eleitoral.<\/p>\n\n\n\n<p>As normas que disciplinam a convoca\u00e7\u00e3o de eleitores para o apoio log\u00edstico est\u00e3o expressas no art. 98 da Lei 9.504\/1997 e no art. 17 da Resolu\u00e7\u00e3o TSE N\u00ba 23.611\/2019. Os convocados t\u00eam direito \u00e0s folgas previstas em Lei e ao recebimento de 1 (um) vale-alimenta\u00e7\u00e3o para cada dia efetivamente trabalhado.<\/p>\n\n\n\n<p>Seja um volunt\u00e1rio na manuten\u00e7\u00e3o do exerc\u00edcio da democracia.<\/p>\n\n\n\n<p>Para maiores informa\u00e7\u00f5es sobre Volunt\u00e1rio de Apoio Log\u00edstico clique&nbsp;<a href=\"http:\/\/www.tre-pb.jus.br\/eleicoes\/voluntarios\/apoio-logistico\" target=\"_blank\" rel=\"noreferrer noopener\">AQUI<\/a>.<\/p>\n\n\n\n<p>Para se inscrever e acompanhar sua convoca\u00e7\u00e3o e tire outras .<\/p>\n","protected":false},"excerpt":{"rendered":"<p>O Tribunal Regional Eleitoral da Para\u00edba (TRE-PB) informa alguns aspectos importantes quanto ao trabalho volunt\u00e1rio, que poder\u00e1 ser prestado \u00e0 Justi\u00e7a Eleitoral da Para\u00edba por&hellip; <\/p>\n","protected":false},"author":2,"featured_media":156678,"comment_status":"closed","ping_status":"closed","sticky":false,"template":"","format":"standard","meta":{"sfsi_plus_gutenberg_text_before_share":"","sfsi_plus_gutenberg_show_text_before_share":"","sfsi_plus_gutenberg_icon_type":"","sfsi_plus_gutenberg_icon_alignemt":"","sfsi_plus_gutenburg_max_per_row":"","footnotes":""},"categories":[50,2],"tags":[],"class_list":["post-185606","post","type-post","status-publish","format-standard","has-post-thumbnail","hentry","category-destaque","category-geral"],"_links":{"self":[{"href":"https:\/\/www.caririemacao.com\/1\/wp-json\/wp\/v2\/posts\/185606","targetHints":{"allow":["GET"]}}],"collection":[{"href":"https:\/\/www.caririemacao.com\/1\/wp-json\/wp\/v2\/posts"}],"about":[{"href":"https:\/\/www.caririemacao.com\/1\/wp-json\/wp\/v2\/types\/post"}],"author":[{"embeddable":true,"href":"https:\/\/www.caririemacao.com\/1\/wp-json\/wp\/v2\/users\/2"}],"replies":[{"embeddable":true,"href":"https:\/\/www.caririemacao.com\/1\/wp-json\/wp\/v2\/comments?post=185606"}],"version-history":[{"count":1,"href":"https:\/\/www.caririemacao.com\/1\/wp-json\/wp\/v2\/posts\/185606\/revisions"}],"predecessor-version":[{"id":185608,"href":"https:\/\/www.caririemacao.com\/1\/wp-json\/wp\/v2\/posts\/185606\/revisions\/185608"}],"wp:featuredmedia":[{"embeddable":true,"href":"https:\/\/www.caririemacao.com\/1\/wp-json\/wp\/v2\/media\/156678"}],"wp:attachment":[{"href":"https:\/\/www.caririemacao.com\/1\/wp-json\/wp\/v2\/media?parent=185606"}],"wp:term":[{"taxonomy":"category","embeddable":true,"href":"https:\/\/www.caririemacao.com\/1\/wp-json\/wp\/v2\/categories?post=185606"},{"taxonomy":"post_tag","embeddable":true,"href":"https:\/\/www.caririemacao.com\/1\/wp-json\/wp\/v2\/tags?post=185606"}],"curies":[{"name":"wp","href":"https:\/\/api.w.org\/{rel}","templated":true}]}}