{"id":185610,"date":"2020-08-27T09:04:56","date_gmt":"2020-08-27T12:04:56","guid":{"rendered":"https:\/\/www.caririemacao.com\/1\/?p=185610"},"modified":"2020-08-27T09:04:56","modified_gmt":"2020-08-27T12:04:56","slug":"governo-lanca-edital-de-contratacao-de-medicos-para-os-hospitais-de-trauma-da-pb","status":"publish","type":"post","link":"https:\/\/www.caririemacao.com\/1\/2020\/08\/27\/governo-lanca-edital-de-contratacao-de-medicos-para-os-hospitais-de-trauma-da-pb\/","title":{"rendered":"Governo lan\u00e7a edital de contrata\u00e7\u00e3o de m\u00e9dicos para os hospitais de trauma da PB"},"content":{"rendered":"\n<h1 class=\"wp-block-heading\"><\/h1>\n\n\n\n<figure class=\"wp-block-image\"><a href=\"https:\/\/paraibaja.com.br\/wp-content\/uploads\/2018\/01\/trauma-hospital-de-trauma.jpg\"><img decoding=\"async\" data-src=\"https:\/\/paraibaja.com.br\/wp-content\/uploads\/2018\/01\/trauma-hospital-de-trauma-696x461.jpg\" alt=\"\" title=\"trauma hospital de trauma\" src=\"data:image\/svg+xml;base64,PHN2ZyB3aWR0aD0iMSIgaGVpZ2h0PSIxIiB4bWxucz0iaHR0cDovL3d3dy53My5vcmcvMjAwMC9zdmciPjwvc3ZnPg==\" class=\"lazyload\" style=\"--smush-placeholder-width: 696px; --smush-placeholder-aspect-ratio: 696\/461;\" \/><\/a><\/figure>\n\n\n\n<p>O Governo do Estado, por meio da Secretaria de Estado da Sa\u00fade (SES) e da Escola do Servi\u00e7o P\u00fablico da Para\u00edba (Espep), vai realizar Processo Seletivo Simplificado para contrata\u00e7\u00e3o tempor\u00e1ria de m\u00e9dicos para atuar no Hospital de Emerg\u00eancia e Trauma Senador Humberto Lucena, em Jo\u00e3o Pessoa, e no Hospital de Emerg\u00eancia e Trauma Dom Luiz Gonzaga, em Campina Grande.<\/p>\n\n\n\n<p>A chamada p\u00fablica \u00e9 em car\u00e1ter excepcional, nas especialidades de neurocirurgia, cirurgia vascular e cirurgia tor\u00e1cica e o contrato de trabalho ter\u00e1 validade de 180 dias, podendo ser prorrogado por igual per\u00edodo ou a crit\u00e9rio da necessidade da Administra\u00e7\u00e3o.<\/p>\n\n\n\n<p>A abertura da chamada p\u00fablica foi uma demanda do Minist\u00e9rio P\u00fablico do Trabalho (MPT) que exigiu a realiza\u00e7\u00e3o de um concurso para habilitar pessoas f\u00edsicas para atuarem nos servi\u00e7os. A SES realizou sele\u00e7\u00e3o p\u00fablica durante o m\u00eas de agosto e os 22 m\u00e9dicos aprovados j\u00e1 foram convocados e assumiram os plant\u00f5es. Nessa segunda-feira (26), foi aberto mais um Edital para as vagas remanescentes.<\/p>\n\n\n\n<p>As inscri\u00e7\u00f5es ser\u00e3o realizadas unicamente via internet por meio do&nbsp;<a href=\"https:\/\/portaldacidadania.pb.gov.br\/ConcursoSelecao\/Governo\/Concurso\/PaginaDetalheConcurso?id=58ba0c59-8e0d-4002-87d7-42275e351abd\">Portal da Cidadania<\/a>&nbsp;e ocorrer\u00e3o em tr\u00eas etapas distintas, cada uma com per\u00edodo de inscri\u00e7\u00e3o, avalia\u00e7\u00e3o de t\u00edtulos, per\u00edodo recursal e resultado final. A primeira etapa vai at\u00e9 01 de setembro. Para a segunda etapa, os candidatos poder\u00e3o se inscrever no per\u00edodo de 04 a 10 de setembro. As inscri\u00e7\u00f5es da terceira etapa ocorrer\u00e3o entre os dias 16 e 22 de setembro.<\/p>\n\n\n\n<p>O Processo de Sele\u00e7\u00e3o ser\u00e1 realizado por meio de Avalia\u00e7\u00e3o de Titula\u00e7\u00e3o e Experi\u00eancia Profissional, de car\u00e1ter eliminat\u00f3rio e classificat\u00f3rio. Os candidatos que pontuarem e n\u00e3o ficarem dentro das vagas oferecidas ir\u00e3o compor um cadastro reserva obedecendo rigorosamente a ordem de classifica\u00e7\u00e3o. Questionamentos relativos ao Processo Seletivo dever\u00e3o ser feitos unicamente por meio do telefone 3214-1991 (Espep), no hor\u00e1rio das 08h \u00e0s 16h30min. D\u00favidas com rela\u00e7\u00e3o \u00e0 convoca\u00e7\u00e3o e contra\u00e7\u00e3o dever\u00e3o ser encaminhadas pelo telefone 3211-9084 (SES), no hor\u00e1rio das 08h \u00e0s 12h, sempre de segunda \u00e0 sexta.<\/p>\n","protected":false},"excerpt":{"rendered":"<p>O Governo do Estado, por meio da Secretaria de Estado da Sa\u00fade (SES) e da Escola do Servi\u00e7o P\u00fablico da Para\u00edba (Espep), vai realizar Processo&hellip; <\/p>\n","protected":false},"author":2,"featured_media":185611,"comment_status":"closed","ping_status":"closed","sticky":false,"template":"","format":"standard","meta":{"sfsi_plus_gutenberg_text_before_share":"","sfsi_plus_gutenberg_show_text_before_share":"","sfsi_plus_gutenberg_icon_type":"","sfsi_plus_gutenberg_icon_alignemt":"","sfsi_plus_gutenburg_max_per_row":"","footnotes":""},"categories":[50,11],"tags":[],"class_list":["post-185610","post","type-post","status-publish","format-standard","has-post-thumbnail","hentry","category-destaque","category-politica"],"_links":{"self":[{"href":"https:\/\/www.caririemacao.com\/1\/wp-json\/wp\/v2\/posts\/185610","targetHints":{"allow":["GET"]}}],"collection":[{"href":"https:\/\/www.caririemacao.com\/1\/wp-json\/wp\/v2\/posts"}],"about":[{"href":"https:\/\/www.caririemacao.com\/1\/wp-json\/wp\/v2\/types\/post"}],"author":[{"embeddable":true,"href":"https:\/\/www.caririemacao.com\/1\/wp-json\/wp\/v2\/users\/2"}],"replies":[{"embeddable":true,"href":"https:\/\/www.caririemacao.com\/1\/wp-json\/wp\/v2\/comments?post=185610"}],"version-history":[{"count":1,"href":"https:\/\/www.caririemacao.com\/1\/wp-json\/wp\/v2\/posts\/185610\/revisions"}],"predecessor-version":[{"id":185612,"href":"https:\/\/www.caririemacao.com\/1\/wp-json\/wp\/v2\/posts\/185610\/revisions\/185612"}],"wp:featuredmedia":[{"embeddable":true,"href":"https:\/\/www.caririemacao.com\/1\/wp-json\/wp\/v2\/media\/185611"}],"wp:attachment":[{"href":"https:\/\/www.caririemacao.com\/1\/wp-json\/wp\/v2\/media?parent=185610"}],"wp:term":[{"taxonomy":"category","embeddable":true,"href":"https:\/\/www.caririemacao.com\/1\/wp-json\/wp\/v2\/categories?post=185610"},{"taxonomy":"post_tag","embeddable":true,"href":"https:\/\/www.caririemacao.com\/1\/wp-json\/wp\/v2\/tags?post=185610"}],"curies":[{"name":"wp","href":"https:\/\/api.w.org\/{rel}","templated":true}]}}