{"id":185618,"date":"2020-08-27T09:15:48","date_gmt":"2020-08-27T12:15:48","guid":{"rendered":"https:\/\/www.caririemacao.com\/1\/?p=185618"},"modified":"2020-08-27T09:15:48","modified_gmt":"2020-08-27T12:15:48","slug":"chapa-composta-por-terezinha-martins-vence-consulta-online-para-reitoria-da-ufpb","status":"publish","type":"post","link":"https:\/\/www.caririemacao.com\/1\/2020\/08\/27\/chapa-composta-por-terezinha-martins-vence-consulta-online-para-reitoria-da-ufpb\/","title":{"rendered":"Chapa composta por Terezinha Martins vence consulta online para reitoria da UFPB"},"content":{"rendered":"\n<p>As professoras da Universidade Federal da Para\u00edba (UFPB) Terezinha Domiciano Dantas Martins e M\u00f4nica N\u00f3brega, candidatas aos cargos de reitora e de vice-reitora respectivamente, pela Chapa 2, denominada \u201cInova\u00e7\u00e3o com inclus\u00e3o\u201d, venceram a consulta online da federal paraibana com soma ponderada e normalizada de 964,518.<\/p>\n\n\n\n<p>A Chapa 1 (UFPB em primeiro lugar), encabe\u00e7ada pelos professores Isac Almeida de Medeiros e Regina Celi Mendes Pereira da Silva, obteve soma ponderada e normalizada de 920,013. J\u00e1 a Chapa 3 &#8220;Orgulho de ser UFPB&#8221; , liderada pelos docentes Valdiney Veloso Gouveia e Liana Filgueira Albuquerque, teve soma ponderada e normalizada de 106,496.<\/p>\n\n\n\n<p>De acordo com o boletim de apura\u00e7\u00e3o, participaram da consulta online 2.341 docentes, 2.466 t\u00e9cnico-administrativos e 9.796 estudantes. O percentual de vota\u00e7\u00e3o final de cada candidatura foi obtido pela m\u00e9dia ponderada dos percentuais alcan\u00e7ados em cada segmento, sendo o peso de 15% para discentes, 15% para t\u00e9cnico-administrativos e 70% para docentes.<\/p>\n\n\n\n<p>Esta foi a primeira consulta online \u00e0 comunidade acad\u00eamica, devido \u00e0 pandemia do novo coronav\u00edrus. A vota\u00e7\u00e3o, em um \u00fanico turno, teve in\u00edcio \u00e0s 7h desta quarta-feira (26) e foi conclu\u00edda \u00e0s 22h do mesmo dia.<\/p>\n\n\n\n<p>Terezinha Domiciano Dantas Martins \u00e9 professora titular do Departamento de Ci\u00eancia Animal do Centro de Ci\u00eancias Humanas Sociais e Agr\u00e1rias (CCHSA), no campus III, em Bananeiras, no Brejo paraibano. Ela atuou no movimento estudantil universit\u00e1rio e tem experi\u00eancia em pesquisa e extens\u00e3o. Na UFPB, exerceu fun\u00e7\u00f5es administrativas de chefe de departamento e laborat\u00f3rio, assessoria de pesquisa, coordena\u00e7\u00e3o de projetos institucionais. Foi vice-diretora e diretora do CCHSA por dois mandatos.<\/p>\n\n\n\n<p>M\u00f4nica N\u00f3brega \u00e9 professora associada da UFPB e tem experi\u00eancia na \u00e1rea de Ling\u00fc\u00edstica, com \u00eanfase em Ling\u00fc\u00edstica Aplicada, atuando principalmente nos seguintes temas: psican\u00e1lise lacaniana, ling\u00fc\u00edstica saussuriana, produ\u00e7\u00e3o de sentidos, discurso e ling\u00fc\u00edstica saussuriana. \u00c9 diretora do Centro de Ci\u00eancias Humanas, Letras e Artes (CCHLA), no campus I, em Jo\u00e3o Pessoa, desde janeiro de 2013. Atualmente, est\u00e1 no seu segundo mandato.<\/p>\n\n\n\n<p>O resultado da consulta ser\u00e1 homologado em 3 de setembro, pelo Conselho Universit\u00e1rio (Consuni) da UFPB. A lista tr\u00edplice, com os tr\u00eas primeiros nomes mais votados para cada cargo, ser\u00e1 enviada para o Minist\u00e9rio da Educa\u00e7\u00e3o (MEC) at\u00e9 11 de setembro, que decide pela nomea\u00e7\u00e3o final.<\/p>\n\n\n\n<p>COM G1<\/p>\n","protected":false},"excerpt":{"rendered":"<p>As professoras da Universidade Federal da Para\u00edba (UFPB) Terezinha Domiciano Dantas Martins e M\u00f4nica N\u00f3brega, candidatas aos cargos de reitora e de vice-reitora respectivamente, pela&hellip; <\/p>\n","protected":false},"author":1,"featured_media":185624,"comment_status":"closed","ping_status":"closed","sticky":false,"template":"","format":"standard","meta":{"sfsi_plus_gutenberg_text_before_share":"","sfsi_plus_gutenberg_show_text_before_share":"","sfsi_plus_gutenberg_icon_type":"","sfsi_plus_gutenberg_icon_alignemt":"","sfsi_plus_gutenburg_max_per_row":"","footnotes":""},"categories":[14],"tags":[],"class_list":["post-185618","post","type-post","status-publish","format-standard","has-post-thumbnail","hentry","category-educacao"],"_links":{"self":[{"href":"https:\/\/www.caririemacao.com\/1\/wp-json\/wp\/v2\/posts\/185618","targetHints":{"allow":["GET"]}}],"collection":[{"href":"https:\/\/www.caririemacao.com\/1\/wp-json\/wp\/v2\/posts"}],"about":[{"href":"https:\/\/www.caririemacao.com\/1\/wp-json\/wp\/v2\/types\/post"}],"author":[{"embeddable":true,"href":"https:\/\/www.caririemacao.com\/1\/wp-json\/wp\/v2\/users\/1"}],"replies":[{"embeddable":true,"href":"https:\/\/www.caririemacao.com\/1\/wp-json\/wp\/v2\/comments?post=185618"}],"version-history":[{"count":1,"href":"https:\/\/www.caririemacao.com\/1\/wp-json\/wp\/v2\/posts\/185618\/revisions"}],"predecessor-version":[{"id":185625,"href":"https:\/\/www.caririemacao.com\/1\/wp-json\/wp\/v2\/posts\/185618\/revisions\/185625"}],"wp:featuredmedia":[{"embeddable":true,"href":"https:\/\/www.caririemacao.com\/1\/wp-json\/wp\/v2\/media\/185624"}],"wp:attachment":[{"href":"https:\/\/www.caririemacao.com\/1\/wp-json\/wp\/v2\/media?parent=185618"}],"wp:term":[{"taxonomy":"category","embeddable":true,"href":"https:\/\/www.caririemacao.com\/1\/wp-json\/wp\/v2\/categories?post=185618"},{"taxonomy":"post_tag","embeddable":true,"href":"https:\/\/www.caririemacao.com\/1\/wp-json\/wp\/v2\/tags?post=185618"}],"curies":[{"name":"wp","href":"https:\/\/api.w.org\/{rel}","templated":true}]}}